{"id":7797,"date":"2026-04-30T17:06:49","date_gmt":"2026-04-30T17:06:49","guid":{"rendered":"https:\/\/www.rapsodiaonline.it\/?p=7797"},"modified":"2026-05-01T17:07:09","modified_gmt":"2026-05-01T17:07:09","slug":"limportanza-del-25-aprile","status":"publish","type":"post","link":"https:\/\/www.rapsodiaonline.it\/?p=7797","title":{"rendered":"L\u2019importanza del 25 Aprile"},"content":{"rendered":"\n<p>Il 25 aprile non \u00e8 una festa come le altre.<\/p>\n<p>\u00c8 il giorno in cui l\u2019Italia ha scelto da che parte stare.<\/p>\n<p>Il 25 aprile 1945 il Comitato di Liberazione Nazionale Alta Italia proclam\u00f2 l\u2019insurrezione generale contro l\u2019occupazione nazifascista. In citt\u00e0 come Milano e Torino i partigiani scesero in strada, liberarono fabbriche, fermarono i nazisti in ritirata e posero fine alla dittatura. Pochi giorni dopo, il regime di Benito Mussolini croll\u00f2 definitivamente. Ma questa data non nasce dal nulla. \u00c8 il risultato di anni di lotta, iniziata dopo l\u2019Armistizio di Cassibile dell\u20198 settembre 1943, quando l\u2019Italia si trov\u00f2 divisa e occupata dalle truppe di Adolf Hitler. In quel momento, migliaia di uomini e donne \u2014 operai, contadini, studenti \u2014 scelsero di non piegarsi. Nacque cos\u00ec la Resistenza: una guerra di liberazione ma anche una scelta morale. Combatterono nelle brigate partigiane di diverse ispirazioni politiche: comunisti, socialisti, cattolici, azionisti. Tra loro c\u2019erano figure come Sandro Pertini, Ferruccio Parri, Tina Anselmi.\u00a0 Ma soprattutto c\u2019erano migliaia di persone comuni, spesso giovanissime, che hanno rischiato e perso la vita per un\u2019idea di libert\u00e0. E qui entra lo sguardo di sinistra: la Resistenza non \u00e8 stata solo una lotta contro il fascismo, ma anche contro l\u2019ingiustizia sociale. Molti partigiani sognavano un\u2019Italia diversa: pi\u00f9 giusta, pi\u00f9 uguale, dove il lavoro fosse al centro e i diritti non fossero privilegi. Non \u00e8 un caso che dalla Resistenza nasca poi la Costituzione italiana, che mette al primo posto il lavoro e l\u2019uguaglianza sostanziale.<\/p>\n<p>Festeggiare il 25 aprile oggi significa ricordare che la libert\u00e0 non \u00e8 mai regalata. Significa riconoscere che senza quella lotta non avremmo diritti fondamentali: votare, esprimerci, organizzarci. E significa anche vigilare, perch\u00e9 certe idee \u2014 autoritarie, razziste, violente \u2014 non sono scomparse per sempre.<\/p>\n<p>Il 25 aprile \u00e8 anche un richiamo all\u2019impegno: non basta ricordare, bisogna continuare a lottare contro le disuguaglianze, contro lo sfruttamento, contro ogni forma di oppressione. La Resistenza non \u00e8 solo passato: \u00e8 un\u2019eredit\u00e0 viva. Per questo il 25 aprile si festeggia. Non solo per ci\u00f2 che \u00e8 stato, ma per ci\u00f2 che ancora deve essere.<\/p>\n<p>Perch\u00e9 la libert\u00e0, senza giustizia, resta incompleta.<\/p>\n<p>Thomas Diego Costanza (classe 2A AFM &#8211; ITE)<\/p>\n","protected":false},"excerpt":{"rendered":"<p>Il 25 aprile non \u00e8 una festa come le altre. \u00c8 il giorno in cui l\u2019Italia ha scelto da che parte stare. Il 25 aprile 1945 il Comitato di Liberazione Nazionale Alta Italia proclam\u00f2 l\u2019insurrezione generale contro l\u2019occupazione nazifascista. In citt\u00e0 come Milano e Torino i partigiani scesero in strada, liberarono fabbriche, fermarono i nazisti [&hellip;]<\/p>\n","protected":false},"author":1,"featured_media":7798,"comment_status":"open","ping_status":"open","sticky":false,"template":"","format":"standard","meta":{"_genesis_hide_title":false,"_genesis_hide_breadcrumbs":false,"_genesis_hide_singular_image":false,"_genesis_hide_footer_widgets":false,"_genesis_custom_body_class":"","_genesis_custom_post_class":"","_genesis_layout":"","footnotes":""},"categories":[33],"tags":[],"class_list":{"0":"post-7797","1":"post","2":"type-post","3":"status-publish","4":"format-standard","5":"has-post-thumbnail","7":"category-archivio-primo-piano","8":"entry"},"_links":{"self":[{"href":"https:\/\/www.rapsodiaonline.it\/index.php?rest_route=\/wp\/v2\/posts\/7797","targetHints":{"allow":["GET"]}}],"collection":[{"href":"https:\/\/www.rapsodiaonline.it\/index.php?rest_route=\/wp\/v2\/posts"}],"about":[{"href":"https:\/\/www.rapsodiaonline.it\/index.php?rest_route=\/wp\/v2\/types\/post"}],"author":[{"embeddable":true,"href":"https:\/\/www.rapsodiaonline.it\/index.php?rest_route=\/wp\/v2\/users\/1"}],"replies":[{"embeddable":true,"href":"https:\/\/www.rapsodiaonline.it\/index.php?rest_route=%2Fwp%2Fv2%2Fcomments&post=7797"}],"version-history":[{"count":1,"href":"https:\/\/www.rapsodiaonline.it\/index.php?rest_route=\/wp\/v2\/posts\/7797\/revisions"}],"predecessor-version":[{"id":7799,"href":"https:\/\/www.rapsodiaonline.it\/index.php?rest_route=\/wp\/v2\/posts\/7797\/revisions\/7799"}],"wp:featuredmedia":[{"embeddable":true,"href":"https:\/\/www.rapsodiaonline.it\/index.php?rest_route=\/wp\/v2\/media\/7798"}],"wp:attachment":[{"href":"https:\/\/www.rapsodiaonline.it\/index.php?rest_route=%2Fwp%2Fv2%2Fmedia&parent=7797"}],"wp:term":[{"taxonomy":"category","embeddable":true,"href":"https:\/\/www.rapsodiaonline.it\/index.php?rest_route=%2Fwp%2Fv2%2Fcategories&post=7797"},{"taxonomy":"post_tag","embeddable":true,"href":"https:\/\/www.rapsodiaonline.it\/index.php?rest_route=%2Fwp%2Fv2%2Ftags&post=7797"}],"curies":[{"name":"wp","href":"https:\/\/api.w.org\/{rel}","templated":true}]}}