{"id":7501,"date":"2025-01-25T13:28:52","date_gmt":"2025-01-25T13:28:52","guid":{"rendered":"https:\/\/www.rapsodiaonline.it\/?p=7501"},"modified":"2025-02-08T15:24:42","modified_gmt":"2025-02-08T15:24:42","slug":"la-linea-difensiva-arno-stellung","status":"publish","type":"post","link":"https:\/\/www.rapsodiaonline.it\/?p=7501","title":{"rendered":"La linea difensiva \u201cARNO STELLUNG\u201d"},"content":{"rendered":"\n<p><strong>L&#8217;incontro di storia del territorio col prof. Fascetti \u00e8 motivo di riflessione sulle atrocit\u00e0 della guerra e uno stimolo all&#8217;esercizio della memoria<\/strong><\/p>\n<p>Il 25 ottobre del 2024 il nostro professore di Geografia economica, Prof. Andrea Vento, ha invitato in classe il professor Fascetti, docente di storia e letteratura del nostro istituto, ITE Galilei-Pacinotti, che ci ha parlato di un argomento riguardante la Seconda guerra mondiale di cui non ne ero a conoscenza.<\/p>\n<p>Grazie ad una attivit\u00e0 del progetto Contemporanea..mente, il Professor Fascetti ha illustrato alla classe uno studio eseguito 2 anni prima insieme ad\u00a0 alcuni suoi alunni. Lo studio consisteva in alcune ricerche storiche relative alla linea di difesa militare tedesca chiamata \u201cArno Stellung\u201d. Il Prof. Fascetti ci ha raccontato che durante le fasi finali della II guerra Mondiale, i tedeschi, oltre a combattere gli alleati, si resero protagonisti di episodi di estrema ferocia e crudelt\u00e0 anche nei confronti della popolazione civile.<\/p>\n<p>Nel luglio del 1943 le forze Alleate britanniche e americane sbarcarono sulle spiagge della Sicilia e iniziarono ad avanzare verso nord per liberare\u00a0 tutto il territorio italiano.<\/p>\n<p>Dopo la deposizione del dittatore Benito Mussolini il 25 luglio 1943 e la firma dell\u2019armistizio da parte del governo Badoglio il successivo 8 settembre, l\u2019Italia era divisa in due con la parte centro settentrionale occupata dai tedeschi che cercavano di resistere alla avanzata degli alleati.<\/p>\n<p>Per difendere le loro posizioni militari in Toscana, i tedeschi avevano predisposto una linea difensiva chiamata \u201cArno Stellung\u201d, che consisteva in una serie di fortificazioni ben difese poste nei territori situati lungo la sponda nord del fiume Arno.<\/p>\n<p>Per questo motivo quando le forze alleate arrivarono in Toscana trovarono una vigorosa resistenza da parte dei nazisti presenti nel territorio.<\/p>\n<p>Infatti a cominciare dall&#8217;estate del 1944 i tedeschi si collocarono lungo il settore a nord dell&#8217;Arno e lungo i canali-affluenti vicini, nella zona tra Empoli e Pisa, in attesa di riposizionarsi nella pi\u00f9 strategica ed efficace linea di difesa naturale costituita dai monti dell\u2019appennino, si trattava della ben pi\u00f9 nota linea \u201cGotica\u201d.<\/p>\n<p>La linea \u201cArno Stellung\u201d (letteralmente &#8220;posizione dell\u2019Arno&#8221;) avrebbe dovuto rallentare l\u2019avanzata alleata e consentire ai genieri tedeschi di perfezionare le ultime opere difensive proprio sulla linea Gotica.<\/p>\n<p>Nel luglio del \u00a01944 la 16\u1d2c divisione tedesca, \u201cSS Panzergrenadier Division\u201d, era posizionata a difesa della linea dell\u2019Arno nella zona di Pisa-San Piero a Grado-Marina.<\/p>\n<p>Lungo la linea furono costruiti molti bunker che consentivano una efficace difesa del territorio.<\/p>\n<p>Per costruire questo sistema di difesa i nazisti sfruttarono le persone del posto (anziani di 60\/70 anni e giovani di 16\/18 anni).<\/p>\n<figure id=\"attachment_7502\" aria-describedby=\"caption-attachment-7502\" style=\"width: 300px\" class=\"wp-caption alignright\"><img loading=\"lazy\" decoding=\"async\" class=\"size-medium wp-image-7502\" src=\"http:\/\/www.rapsodiaonline.it\/wp-content\/uploads\/2025\/01\/Arnostellung-Di-Noia-300x183.png\" alt=\"\" width=\"300\" height=\"183\" srcset=\"https:\/\/www.rapsodiaonline.it\/wp-content\/uploads\/2025\/01\/Arnostellung-Di-Noia-300x183.png 300w, https:\/\/www.rapsodiaonline.it\/wp-content\/uploads\/2025\/01\/Arnostellung-Di-Noia.png 579w\" sizes=\"auto, (max-width: 300px) 100vw, 300px\" \/><figcaption id=\"caption-attachment-7502\" class=\"wp-caption-text\">Resti dell&#8217;Arno Stellung (letteralmente posizione dell\u2019Arno), un sistema di difesa organizzato dai nazisti per rallentare l&#8217;avanzata degli Alleati in Italia. https:\/\/www.all4shooters.com\/it\/tiro\/cultura\/arno-stellung-bunker-difensivi\/<\/figcaption><\/figure>\n<p>Come strategia difensiva il generale tedesco Kesselring, comandante delle forze tedesche in Italia, aveva previsto una ritirata su pi\u00f9 linee difensive, ognuna delle quali doveva resistere il pi\u00f9 possibile e stancare le pi\u00f9 numerose forze alleate.<\/p>\n<p>Quando i combattimenti contro gli alleati provocavano numerosi morti tra i tedeschi e insopportabili perdite di mezzi bellici, l\u2019esercito tedesco si spostava sulla linea retrostante che nel frattempo era stata predisposta.<\/p>\n<p>Grazie alla linea \u201c<em>Arno Stellung\u201d, <\/em>i tedeschi terranno le loro posizioni fino ai primi di settembre del 1944, quando iniziarono ad arretrare abbandonando i territori per riposizionare le loro truppe sulla Linea Gotica.<\/p>\n<p>In effetti la potente offensiva alleata gi\u00e0 alla fine del giorno 2 settembre 1944, vedeva la maggior parte dei militari e dei mezzi del IV Corpo d\u2019armata oltre l\u2019Arno.<\/p>\n<p>Nel corso della ritirata con il riposizionamento delle truppe lungo la linea Gotica, \u00a0i tedeschi fecero molti terrificanti eccidi alcuni dei quali sono ricordati ogni anno con commoventi commemorazioni.<\/p>\n<p>Tra i pi\u00f9 feroci si ricordano sicuramente l\u2019eccidio della Romagna, localit\u00e0 situata sul monte Pisano nei pressi di San Giualiano Terme e l\u2019eccidio di Sant&#8217;Anna di Stazzema, piccolo borgo sulle pendici delle Apuane versieliesi\u00a0 in provincia di Lucca.<\/p>\n<p>Lo sterminio della Romagna, commesso il giorno 11 agosto\u00a01944,\u00a0 nel quale furono trucidate 69 vittime<strong>, <\/strong>fu un\u00a0crimine contro l&#8217;umanit\u00e0\u00a0commesso dai soldati tedeschi della\u00a016\u1d2c divisione \u201cSS-Panzergrenadier-Division Reichsf\u00fchrer&#8221;.<\/p>\n<p>Al pari di quello commesso il giorno seguente, il 12 agosto 1944, quando la stessa 16\u1d2c divisione si rese responsabile dell&#8217;eccidio di Sant&#8217;Anna di Stazzema, nel quale vennero barbaramente uccise addirittura 560 persone di cui 130 bambini.<\/p>\n<p>L\u2019incontro con il prof. Fascetti \u00e8 stata per me\u00a0 l\u2019opportunit\u00e0 di conoscere un pezzo di storia di cui non ne avevo notizia e l\u2019occasione di riflettere ancora di pi\u00f9 sulle conseguenze assurde e disumane della guerra.<\/p>\n<p>Le conseguenze orribili che la popolazione ha dovuto subire a causa dei crimini dell\u2019esercito tedesco mi hanno fatto pensare a quanto sia importante e fondamentale vivere in pace\u00a0 ripudiando ogni violenza.<\/p>\n<p>Purtroppo, attualmente nel mondo ci sono diverse guerre pi\u00f9 o meno note, che richiamano alla mente quei momenti che sembravano non poter pi\u00f9 ritornare.<\/p>\n<p>Risulta importante non dimenticare quegli episodi citati per rinnovare la memoria delle atrocit\u00e0 che le guerre portano con se al fine di evitare il ripetersi di tali mostruosit\u00e0.<\/p>\n<p>\u00a0<\/p>\n<p>Vincenzo di Noia (classe 1A AFM &#8211; ITE)<br \/>Attivit\u00e0 del Progetto &#8220;Contemporanea..mente&#8221;<\/p>\n<p>\u00a0<\/p>\n<p>\u00a0<\/p>\n<p>FONTI:<\/p>\n<ul>\n<li>Wikipedia<\/li>\n<li>http:\/\/smartarc.blogspot.com\/<\/li>\n<li>https:\/\/www.all4shooters.com\/it\/tiro\/cultura\/arno-stellung-bunker-difensivi\/<\/li>\n<li>http:\/\/www.prolocoprunetta.info\/index.php\/storia<\/li>\n<\/ul>\n<p>\u00a0<\/p>\n","protected":false},"excerpt":{"rendered":"<p>L&#8217;incontro di storia del territorio col prof. Fascetti \u00e8 motivo di riflessione sulle atrocit\u00e0 della guerra e uno stimolo all&#8217;esercizio della memoria Il 25 ottobre del 2024 il nostro professore di Geografia economica, Prof. Andrea Vento, ha invitato in classe il professor Fascetti, docente di storia e letteratura del nostro istituto, ITE Galilei-Pacinotti, che ci [&hellip;]<\/p>\n","protected":false},"author":1,"featured_media":7502,"comment_status":"open","ping_status":"open","sticky":false,"template":"","format":"standard","meta":{"_genesis_hide_title":false,"_genesis_hide_breadcrumbs":false,"_genesis_hide_singular_image":false,"_genesis_hide_footer_widgets":false,"_genesis_custom_body_class":"","_genesis_custom_post_class":"","_genesis_layout":"","footnotes":""},"categories":[9],"tags":[],"class_list":{"0":"post-7501","1":"post","2":"type-post","3":"status-publish","4":"format-standard","5":"has-post-thumbnail","7":"category-focus_sx","8":"entry"},"_links":{"self":[{"href":"https:\/\/www.rapsodiaonline.it\/index.php?rest_route=\/wp\/v2\/posts\/7501","targetHints":{"allow":["GET"]}}],"collection":[{"href":"https:\/\/www.rapsodiaonline.it\/index.php?rest_route=\/wp\/v2\/posts"}],"about":[{"href":"https:\/\/www.rapsodiaonline.it\/index.php?rest_route=\/wp\/v2\/types\/post"}],"author":[{"embeddable":true,"href":"https:\/\/www.rapsodiaonline.it\/index.php?rest_route=\/wp\/v2\/users\/1"}],"replies":[{"embeddable":true,"href":"https:\/\/www.rapsodiaonline.it\/index.php?rest_route=%2Fwp%2Fv2%2Fcomments&post=7501"}],"version-history":[{"count":2,"href":"https:\/\/www.rapsodiaonline.it\/index.php?rest_route=\/wp\/v2\/posts\/7501\/revisions"}],"predecessor-version":[{"id":7562,"href":"https:\/\/www.rapsodiaonline.it\/index.php?rest_route=\/wp\/v2\/posts\/7501\/revisions\/7562"}],"wp:featuredmedia":[{"embeddable":true,"href":"https:\/\/www.rapsodiaonline.it\/index.php?rest_route=\/wp\/v2\/media\/7502"}],"wp:attachment":[{"href":"https:\/\/www.rapsodiaonline.it\/index.php?rest_route=%2Fwp%2Fv2%2Fmedia&parent=7501"}],"wp:term":[{"taxonomy":"category","embeddable":true,"href":"https:\/\/www.rapsodiaonline.it\/index.php?rest_route=%2Fwp%2Fv2%2Fcategories&post=7501"},{"taxonomy":"post_tag","embeddable":true,"href":"https:\/\/www.rapsodiaonline.it\/index.php?rest_route=%2Fwp%2Fv2%2Ftags&post=7501"}],"curies":[{"name":"wp","href":"https:\/\/api.w.org\/{rel}","templated":true}]}}