{"id":7620,"date":"2025-04-12T14:20:00","date_gmt":"2025-04-12T14:20:00","guid":{"rendered":"https:\/\/www.rapsodiaonline.it\/?p=7620"},"modified":"2025-04-10T14:56:20","modified_gmt":"2025-04-10T14:56:20","slug":"il-mito-della-resistenza-di-romolo-gobbi","status":"publish","type":"post","link":"http:\/\/www.rapsodiaonline.it\/?p=7620","title":{"rendered":"&#8220;Il Mito della Resistenza&#8221; di Romolo Gobbi"},"content":{"rendered":"\n<h2 class=\"wp-block-heading\"><strong>Critica ai Partigiani<\/strong><\/h2>\n\n\n\n<p><span style=\"font-weight: 400;\">Tra poche settimane sar\u00e0 il 25 aprile, festa della Liberazione dal fascismo raggiunta da partigiani e Alleati. Ancora una volta sentiremo la classica polemica sui partigiani: ci sar\u00e0 chi dice che erano una forza democratica che ha salvato l&#8217;Italia, e chi li liquider\u00e0 come criminali. Poi ci saranno i comunisti, che si allineeranno al primo gruppo, solo in modo pi\u00f9 radicale. Va detto per\u00f2 che tra i comunisti questa posizione non \u00e8 cos\u00ec scontata: ci sono gruppi e autori che l&#8217;hanno avversata, come la sinistra comunista italiana di Amadeo Bordiga sul piano politico e poi sul piano storico Romolo Gobbi, nel il suo saggio &#8220;Il Mito della Resistenza&#8221;. Quest&#8217;opera riporta una visione diversa relativa agli anni della guerra civile italiana 1943-1945.\u00a0 Gobbi si chiede innanzitutto: \u201cChi erano i partigiani?\u201d La storia ufficiale ci narra che l&#8217;adesione al movimento dei partigiani fu una scelta fatta da una larga fascia della societ\u00e0, i comunisti lasciano intendere che la partecipazione degli operai sia stata grande. Gobbi nella sua opera dimostra che i partigiani arrivavano soprattutto da un singolo gruppo: i renitenti alla leva. Il governo fascista aveva tentato di reclutare tutti i giovani che non lavoravano, chi voleva sfuggire alla coscrizione doveva unirsi ai partigiani, con loro il rischio di combattere era minore. Quando il governo fascista proclam\u00f2 l&#8217;amnistia il numero dei partigiani diminu\u00ec.<\/span><\/p>\n<p><span style=\"font-weight: 400;\">La narrazione comunista tradizionale della guerra partigiana afferma che gli operai furono parte integrante della Resistenza, aderendo in massa e combattendo nelle fabbriche; addirittura, si dice che la Resistenza inizi\u00f2 con gli scioperi di fabbrica del 1943 nel nord Italia (tesi sostenuta, tra gli altri, da Alessandro Barbero). Gobbi per\u00f2 mette in crisi questa narrazione, dimostrando che gli scioperi di quel periodo in Italia sono sempre stati causati da ragioni economiche, e non da una convinzione antifascista da parte degli operai. A questo si aggiunge che gran parte della borghesia supportava gli Alleati, era perfino in contatto con loro. Contro chi vuole inquadrare la resistenza come un fenomeno di lotta di classe tra il proletariato partigiano e la borghesia fascista, Gobbi propone una visione diversa: la Resistenza sarebbe stata una lotta tra l&#8217;imperialismo anglo-americano e quello tedesco, in cui la borghesia si \u00e8 schierata con gli Americani e il proletariato ha combattuto principalmente sul terreno economico, senza partecipare in massa alla Resistenza.\u00a0<\/span><\/p>\n<p><span style=\"font-weight: 400;\">Il mito glorificatore della Resistenza, secondo l\u2019autore, sarebbe conseguenza del fatto che il mondo della cultura \u00e8 stato occupato per anni da ex partigiani, che hanno tramandato una visione distorta della storia. Gobbi fa un&#8217;ulteriore riflessione: l&#8217;unit\u00e0 delle forze antifasciste ha portato a una spartizione del potere in Italia tra i &#8220;comunisti&#8221; comandati dall&#8217;Unione Sovietica e la Democrazia Cristiana, a suo parere impedendo la formazione di una sana conflittualit\u00e0 e bloccando la democrazia. Propone quindi di abbandonare il mito della Resistenza, spostando la lotta sul terreno della lotta di classe.<\/span><\/p>\n<p><br style=\"font-weight: 400;\" \/>Valerio d&#8217;Amato (classe 3B &#8211; liceo classico)<\/p>\n","protected":false},"excerpt":{"rendered":"<p>Critica ai Partigiani Tra poche settimane sar\u00e0 il 25 aprile, festa della Liberazione dal fascismo raggiunta da partigiani e Alleati. Ancora una volta sentiremo la classica polemica sui partigiani: ci sar\u00e0 chi dice che erano una forza democratica che ha salvato l&#8217;Italia, e chi li liquider\u00e0 come criminali. Poi ci saranno i comunisti, che si [&hellip;]<\/p>\n","protected":false},"author":1,"featured_media":7621,"comment_status":"open","ping_status":"open","sticky":false,"template":"","format":"standard","meta":{"_genesis_hide_title":false,"_genesis_hide_breadcrumbs":false,"_genesis_hide_singular_image":false,"_genesis_hide_footer_widgets":false,"_genesis_custom_body_class":"","_genesis_custom_post_class":"","_genesis_layout":"","footnotes":""},"categories":[18],"tags":[],"class_list":{"0":"post-7620","1":"post","2":"type-post","3":"status-publish","4":"format-standard","5":"has-post-thumbnail","7":"category-visto-letto-sentito","8":"entry"},"_links":{"self":[{"href":"http:\/\/www.rapsodiaonline.it\/index.php?rest_route=\/wp\/v2\/posts\/7620","targetHints":{"allow":["GET"]}}],"collection":[{"href":"http:\/\/www.rapsodiaonline.it\/index.php?rest_route=\/wp\/v2\/posts"}],"about":[{"href":"http:\/\/www.rapsodiaonline.it\/index.php?rest_route=\/wp\/v2\/types\/post"}],"author":[{"embeddable":true,"href":"http:\/\/www.rapsodiaonline.it\/index.php?rest_route=\/wp\/v2\/users\/1"}],"replies":[{"embeddable":true,"href":"http:\/\/www.rapsodiaonline.it\/index.php?rest_route=%2Fwp%2Fv2%2Fcomments&post=7620"}],"version-history":[{"count":1,"href":"http:\/\/www.rapsodiaonline.it\/index.php?rest_route=\/wp\/v2\/posts\/7620\/revisions"}],"predecessor-version":[{"id":7622,"href":"http:\/\/www.rapsodiaonline.it\/index.php?rest_route=\/wp\/v2\/posts\/7620\/revisions\/7622"}],"wp:featuredmedia":[{"embeddable":true,"href":"http:\/\/www.rapsodiaonline.it\/index.php?rest_route=\/wp\/v2\/media\/7621"}],"wp:attachment":[{"href":"http:\/\/www.rapsodiaonline.it\/index.php?rest_route=%2Fwp%2Fv2%2Fmedia&parent=7620"}],"wp:term":[{"taxonomy":"category","embeddable":true,"href":"http:\/\/www.rapsodiaonline.it\/index.php?rest_route=%2Fwp%2Fv2%2Fcategories&post=7620"},{"taxonomy":"post_tag","embeddable":true,"href":"http:\/\/www.rapsodiaonline.it\/index.php?rest_route=%2Fwp%2Fv2%2Ftags&post=7620"}],"curies":[{"name":"wp","href":"https:\/\/api.w.org\/{rel}","templated":true}]}}