{"id":7579,"date":"2025-03-08T17:52:30","date_gmt":"2025-03-08T17:52:30","guid":{"rendered":"https:\/\/www.rapsodiaonline.it\/?p=7579"},"modified":"2025-03-08T18:04:25","modified_gmt":"2025-03-08T18:04:25","slug":"kurdistan-lanciato-il-cessate-il-fuoco-dal-pkk","status":"publish","type":"post","link":"http:\/\/www.rapsodiaonline.it\/?p=7579","title":{"rendered":"Kurdistan: lanciato il cessate il fuoco dal PKK"},"content":{"rendered":"\n<p>Il Partito dei lavoratori del Kurdistan o PKK, dopo decenni di conflitti contro la Turchia al fine di garantire al popolo curdo l\u2019indipendenza, ha dichiarato di aver lanciato un cessate il fuoco dal primo marzo. In un documento intitolato \u201cAl nostro popolo patriottico e all\u2019opinione pubblica democratica \u201dl\u2019organizzazione ha affermato che nessuna delle sue forze entrer\u00e0 pi\u00f9 inazione se non a scopo difensivo. L\u2019attesa dichiarazione di Ocalan, il leader del PKK, \u00e8 stata resa pubblica il 27 febbraio. Il leader Abdullah Ocalan, dal 1999 detenuto in una prigione sul Mar di Marmara come responsabile di un numero di morti compreso tra15.000 e 40.000 persone, potrebbe quindi trovarsi sul punto di sciogliere definitivamente il partito. Fondato nel 1978 come organizzazione studentesca per dare la libert\u00e0 al popolo curdo (da sempre oppresso dal governo turco), il PKK \u00e8 diventato un gruppo terroristico armato nel 1984,quando dichiar\u00f2 ufficialmente l\u2019inizio della rivolta.<\/p>\n<p>La prima insurrezione \u00e8 durata fino al primo settembre 1999, quando il PKK annunci\u00f2 per la prima volta un cessate il fuoco che \u00e8 continuato fino al 2004. Successivamente ci sono stati altri due anni (tra il 2013 e il 2015) di pace militare, poi finita per via di alcuni presunti tentativi della Turchia di sabotare il PKK. Oggi ci ritroviamo ancora nella stessa situazione, che sia quindi solo una pace temporanea come accaduto precedentemente? oppure come si suol dire &#8220;la terza \u00e8 la volta buona&#8221;? Negli ultimi anni, gran parte dei territori nord-orientali Siriani \u00e8 caratterizzata da un esperimento governativo: il confederalismo democratico, basato su principi come l&#8217;uguaglianza di genere, la libert\u00e0 di espressione, la democrazia e il riconoscimento delle diverse etnie e culture. Esso \u00e8 quasi interamente sostenuto dallo stesso PKK, che ha fornito supporto al Rojava (appunto lo stato autonomo curdo-siriano di cui dal punto di vista militare per combattere i vicini oppressori, in particolare il gruppo terroristico dell&#8217;Isis, nonch\u00e9 le bande jihadiste sostenute dalla Turchia. E\u2019 improbabile che da un duraturo cessate il fuoco possa derivare la perdita dei buoni rapporti tra i Curdi e il governo del Rojava. Il partito ha, inoltre, aggiunto la richiesta, diretta alla citt\u00e0 di Ankara, di liberare Ocalan. Il futuro del popolo curdo \u00e8, quindi, incerto, ma presumibilmente i prossimi anni saranno migliori degli ultimi decenni.<\/p>\n<p>Flavio Picone (classe 1E &#8211; liceo classico)<\/p>\n","protected":false},"excerpt":{"rendered":"<p>Il Partito dei lavoratori del Kurdistan o PKK, dopo decenni di conflitti contro la Turchia al fine di garantire al popolo curdo l\u2019indipendenza, ha dichiarato di aver lanciato un cessate il fuoco dal primo marzo. In un documento intitolato \u201cAl nostro popolo patriottico e all\u2019opinione pubblica democratica \u201dl\u2019organizzazione ha affermato che nessuna delle sue forze [&hellip;]<\/p>\n","protected":false},"author":1,"featured_media":7580,"comment_status":"open","ping_status":"open","sticky":false,"template":"","format":"standard","meta":{"_genesis_hide_title":false,"_genesis_hide_breadcrumbs":false,"_genesis_hide_singular_image":false,"_genesis_hide_footer_widgets":false,"_genesis_custom_body_class":"","_genesis_custom_post_class":"","_genesis_layout":"","footnotes":""},"categories":[33],"tags":[],"class_list":{"0":"post-7579","1":"post","2":"type-post","3":"status-publish","4":"format-standard","5":"has-post-thumbnail","7":"category-archivio-primo-piano","8":"entry"},"_links":{"self":[{"href":"http:\/\/www.rapsodiaonline.it\/index.php?rest_route=\/wp\/v2\/posts\/7579","targetHints":{"allow":["GET"]}}],"collection":[{"href":"http:\/\/www.rapsodiaonline.it\/index.php?rest_route=\/wp\/v2\/posts"}],"about":[{"href":"http:\/\/www.rapsodiaonline.it\/index.php?rest_route=\/wp\/v2\/types\/post"}],"author":[{"embeddable":true,"href":"http:\/\/www.rapsodiaonline.it\/index.php?rest_route=\/wp\/v2\/users\/1"}],"replies":[{"embeddable":true,"href":"http:\/\/www.rapsodiaonline.it\/index.php?rest_route=%2Fwp%2Fv2%2Fcomments&post=7579"}],"version-history":[{"count":2,"href":"http:\/\/www.rapsodiaonline.it\/index.php?rest_route=\/wp\/v2\/posts\/7579\/revisions"}],"predecessor-version":[{"id":7586,"href":"http:\/\/www.rapsodiaonline.it\/index.php?rest_route=\/wp\/v2\/posts\/7579\/revisions\/7586"}],"wp:featuredmedia":[{"embeddable":true,"href":"http:\/\/www.rapsodiaonline.it\/index.php?rest_route=\/wp\/v2\/media\/7580"}],"wp:attachment":[{"href":"http:\/\/www.rapsodiaonline.it\/index.php?rest_route=%2Fwp%2Fv2%2Fmedia&parent=7579"}],"wp:term":[{"taxonomy":"category","embeddable":true,"href":"http:\/\/www.rapsodiaonline.it\/index.php?rest_route=%2Fwp%2Fv2%2Fcategories&post=7579"},{"taxonomy":"post_tag","embeddable":true,"href":"http:\/\/www.rapsodiaonline.it\/index.php?rest_route=%2Fwp%2Fv2%2Ftags&post=7579"}],"curies":[{"name":"wp","href":"https:\/\/api.w.org\/{rel}","templated":true}]}}