{"id":7574,"date":"2025-03-08T16:16:00","date_gmt":"2025-03-08T16:16:00","guid":{"rendered":"https:\/\/www.rapsodiaonline.it\/?p=7574"},"modified":"2025-03-08T17:29:13","modified_gmt":"2025-03-08T17:29:13","slug":"il-valore-del-ricordo","status":"publish","type":"post","link":"http:\/\/www.rapsodiaonline.it\/?p=7574","title":{"rendered":"Il valore del ricordo"},"content":{"rendered":"\n<p>Gioved\u00ec 20 febbraio si \u00e8 concluso il Progetto Memoria, attivit\u00e0 con iscrizione facoltativa organizzata dal liceo classico Galilei e dall\u2019istituto tecnico Pacinotti in occasione della giornata della memoria del 27 gennaio; si \u00e8 trattato di un ciclo di quattro incontri che ha previsto discussioni elaboratori inerenti al tema della Shoah e la visione del film candidato agli Oscar 2024, \u201cLa zona di interesse\u201d.<\/p>\n<p>Il progetto si \u00e8 concluso con una uscita di una mattina al Museo storico della Resistenza di Sant\u2019Anna di Stazzema e una visita al Parco Nazionale della Pace, dove \u00e8 collocato il monumento ossario per la commemorazione delle centinaia di innocenti uccisi nella tragica vicenda del 12 agosto 1944. Il progetto ha offerto agli studenti e ai professori un\u2019occasione di riflessione sul tema della Shoah e delle violenze ingiustificate delle autorit\u00e0 nazi-fasciste. Occasione che pu\u00f2 essere significativa per educare studenti e insegnanti, come \u00e8 stato nel caso del Progetto Memoria, se le tematiche vengono trattate in modo adeguato.<\/p>\n<p>Tuttavia questo articolo muove una critica verso alcune dinamiche che si presentano in molte scuole per affrontare gli approfondimenti relativi alle tragedie della seconda guerra mondiale: spesso a partire dai primi di gennaio si si sente gi\u00e0 parlare dell\u2019Olocausto, come se la singola giornata della memoria, senza togliere niente alla sua importanza, si estendesse per trenta giorni consecutivi. Durante l\u2019anno scolastico, inoltre, viene ripresala questione della Shoah in ogni occasione ritenuta opportuna con l\u2019obiettivo di sensibilizzare i ragazzi sull\u2019argomento.<\/p>\n<p>La giornata della memoria \u00e8 una ricorrenza che non si pu\u00f2 trascurare perch\u00e9 \u00e8 necessario ricordare le ingiustizie subite dalla popolazione ebraica, per ricordare e onorare le vittime e affinch\u00e9 le generazioni successive imparino a convivere nonostante o grazie alle proprie diversit\u00e0. Per\u00f2 \u00e8 vero anche che trattando troppo spesso gli stessi argomenti i ragazzi vivono le attivit\u00e0 come un mero obbligo scolastico, perci\u00f2 non riescono ad attribuire ai drammatici avvenimenti degli anni \u201840 la dovuta importanza. Al contrario, invece, talvolta le stesse tematiche, specialmente nelle scuole superiori di secondo grado, sono trattate in modo superficiale assegnando all\u2019argomento poche righe di un libro di testo da studiare come compito di educazione civica. In entrambi i casi l\u2019argomento non viene affrontato con la dovuta attenzione e perci\u00f2 non viene raggiunto l\u2019effetto educativo sperato.<\/p>\n<p>Maria Virginia Lanat\u00e0 (classe 3E &#8211; liceo classico)<\/p>\n","protected":false},"excerpt":{"rendered":"<p>Gioved\u00ec 20 febbraio si \u00e8 concluso il Progetto Memoria, attivit\u00e0 con iscrizione facoltativa organizzata dal liceo classico Galilei e dall\u2019istituto tecnico Pacinotti in occasione della giornata della memoria del 27 gennaio; si \u00e8 trattato di un ciclo di quattro incontri che ha previsto discussioni elaboratori inerenti al tema della Shoah e la visione del film [&hellip;]<\/p>\n","protected":false},"author":1,"featured_media":7575,"comment_status":"open","ping_status":"open","sticky":false,"template":"","format":"standard","meta":{"_genesis_hide_title":false,"_genesis_hide_breadcrumbs":false,"_genesis_hide_singular_image":false,"_genesis_hide_footer_widgets":false,"_genesis_custom_body_class":"","_genesis_custom_post_class":"","_genesis_layout":"","footnotes":""},"categories":[3],"tags":[],"class_list":{"0":"post-7574","1":"post","2":"type-post","3":"status-publish","4":"format-standard","5":"has-post-thumbnail","7":"category-in-primo-piano","8":"entry"},"_links":{"self":[{"href":"http:\/\/www.rapsodiaonline.it\/index.php?rest_route=\/wp\/v2\/posts\/7574","targetHints":{"allow":["GET"]}}],"collection":[{"href":"http:\/\/www.rapsodiaonline.it\/index.php?rest_route=\/wp\/v2\/posts"}],"about":[{"href":"http:\/\/www.rapsodiaonline.it\/index.php?rest_route=\/wp\/v2\/types\/post"}],"author":[{"embeddable":true,"href":"http:\/\/www.rapsodiaonline.it\/index.php?rest_route=\/wp\/v2\/users\/1"}],"replies":[{"embeddable":true,"href":"http:\/\/www.rapsodiaonline.it\/index.php?rest_route=%2Fwp%2Fv2%2Fcomments&post=7574"}],"version-history":[{"count":1,"href":"http:\/\/www.rapsodiaonline.it\/index.php?rest_route=\/wp\/v2\/posts\/7574\/revisions"}],"predecessor-version":[{"id":7576,"href":"http:\/\/www.rapsodiaonline.it\/index.php?rest_route=\/wp\/v2\/posts\/7574\/revisions\/7576"}],"wp:featuredmedia":[{"embeddable":true,"href":"http:\/\/www.rapsodiaonline.it\/index.php?rest_route=\/wp\/v2\/media\/7575"}],"wp:attachment":[{"href":"http:\/\/www.rapsodiaonline.it\/index.php?rest_route=%2Fwp%2Fv2%2Fmedia&parent=7574"}],"wp:term":[{"taxonomy":"category","embeddable":true,"href":"http:\/\/www.rapsodiaonline.it\/index.php?rest_route=%2Fwp%2Fv2%2Fcategories&post=7574"},{"taxonomy":"post_tag","embeddable":true,"href":"http:\/\/www.rapsodiaonline.it\/index.php?rest_route=%2Fwp%2Fv2%2Ftags&post=7574"}],"curies":[{"name":"wp","href":"https:\/\/api.w.org\/{rel}","templated":true}]}}