{"id":7470,"date":"2024-12-20T14:29:00","date_gmt":"2024-12-20T14:29:00","guid":{"rendered":"https:\/\/www.rapsodiaonline.it\/?p=7470"},"modified":"2024-12-19T18:37:43","modified_gmt":"2024-12-19T18:37:43","slug":"occupazione-o-distruzione","status":"publish","type":"post","link":"http:\/\/www.rapsodiaonline.it\/?p=7470","title":{"rendered":"Occupazione o distruzione?"},"content":{"rendered":"\n<p class=\"cvGsUA direction-ltr align-justify para-style-body\"><span class=\"OYPEnA font-feature-liga-off font-feature-clig-off font-feature-calt-off text-decoration-none text-strikethrough-none\">\u201cPacinotti occupato\u201d, \u00e8 questo quello che si legge sullo striscione che pende dal balcone della presidenza la mattina di mercoled\u00ec 18 dicembre 2024 con un gruppo di ragazzi vestiti di nero e incappucciati che fa da cornice. Ma in poco tempo le cose cambiano e l\u2019edificio dell\u2019ITE \u00e8 nella confusione: i ragazzi in nero escono in fretta mentre professori e Preside cercano un modo per entrare. Nel corso della giornata il corpo docenti e alcuni studenti divengono per noi testimonianza diretta del disastro avvenuto la notte precedente e iniziano anche a circolare foto: macchinette delle merendine distrutte e svuotate, muri imbrattati con insulti sessisti e di vario genere. Il corrimano della scala principale divelto, gli estintori svuotati: l\u2019edificio inaccessibile per motivi di sicurezza, anche a causa delle polveri tossiche fuoriuscite dai dispositivi antincendio svuotati nei corridoi.<\/span><\/p>\n<p class=\"cvGsUA direction-ltr align-justify para-style-body\"><span class=\"OYPEnA font-feature-liga-off font-feature-clig-off font-feature-calt-off text-decoration-none text-strikethrough-none\">Viene spontaneo chiedersi cosa spinga a tali azioni: si tratta forse di dimostrazione di forza? Quello che \u00e8 chiaro agli occhi di tutti \u00e8 quanto quest\u2019azione sia profondamente illogica e controproducente: l\u2019agire di un gruppo violento danneggia non solo l\u2019intera comunit\u00e0 scolastica del Pacinotti, mettendo quest\u2019ultima in una luce negativa che non \u00e8 giusto abbia e danneggiando ulteriormente una struttura che, proprio a detta degli studenti dell\u2019indirizzo, \u00e8 di per s\u00e9 problematica, ma rischia anche di compromettere le lotte e la fatica di tutte le proteste e occupazioni promosse dal movimento studentesco, il quale si batte esclusivamente per un miglioramento delle istituzioni scolastiche. Quanto successo al Pacinotti e in altre scuole ha il potenziale di divenire, per il Ministero e tutti i detrattori dei vari movimenti, il capro espiatorio con cui accusare e condannare qualsiasi proposta di cambiamento o forma di dissenso. \u00c8 gi\u00e0 notizia del 19 dicembre che il Ministro dell\u2019Istruzione e del Merito Valditara \u201crichieder\u00e0 di potersi costituire parte civile nei processi penali\u201d. \u00c8 fondamentale rimarcare l\u2019abissale differenza fra questi atti vandalici e quanto invece avvenuto in altre realt\u00e0 scolastiche: evidente \u00e8 come un gruppo abbia cercato di mimetizzare la propria volont\u00e0 di perdere tempo all\u2019interno del contesto di protesta sociale che nulla ha portato se non momenti formativi e occasioni di socialit\u00e0. Non vogliamo distruzione ma miglioramento.<\/span><\/p>\n<p><span class=\"OYPEnA font-feature-liga-off font-feature-clig-off font-feature-calt-off text-decoration-none text-strikethrough-none\">Emma G. Pardini (classe 5D &#8211; liceo classico) -Valerio D\u2019Amato (classe 3B &#8211; liceo classico)<\/span><\/p>\n<p class=\"cvGsUA direction-ltr align-center para-style-body\">\u00a0<\/p>\n<p class=\"cvGsUA direction-ltr align-center para-style-body\"><strong><span class=\"OYPEnA font-feature-liga-off font-feature-clig-off font-feature-calt-off text-decoration-none text-strikethrough-none\">Di seguito il comunicato scritto\u00a0<\/span><span class=\"OYPEnA font-feature-liga-off font-feature-clig-off font-feature-calt-off text-decoration-none text-strikethrough-none\">dagli studenti del liceo Galilei\u00a0<\/span><span class=\"OYPEnA font-feature-liga-off font-feature-clig-off font-feature-calt-off text-decoration-none text-strikethrough-none\">a conclusione dell\u2019autogestione<\/span><\/strong><\/p>\n<p><span class=\"OYPEnA font-feature-liga-off font-feature-clig-off font-feature-calt-off text-decoration-none text-strikethrough-none\">Come studenti del liceo classico Galileo Galilei siamo felici di poter dire di aver intrapreso un percorso di mobilitazioni che ha sfidato l\u2019apatia e l\u2019indifferenza della nostra scuola, ottenendo finalmente l\u2019autogestione, assente al classico da tredici anni. Come parte del movimento di protesta che ha coinvolto la nostra citt\u00e0 e il nostro paese in questo periodo, abbiamo scelto di schierarci contro le riforme del governo che danneggiano la libert\u00e0 e l\u2019istruzione. Per fare ci\u00f2 abbiamo bloccato la scuola in maniera pacifica e non violenta, senza per\u00f2 impedire lo svolgimento delle lezioni, protestando con un\u2019assemblea straordinaria non autorizzata e sit-in. Con queste azioni, dopo lunghe ore di attesa, abbiamo finalmente ottenuto un dialogo con la preside, la quale ha convocato un collegio docenti<\/span> <span class=\"OYPEnA font-feature-liga-off font-feature-clig-off font-feature-calt-off text-decoration-none text-strikethrough-none\">straordinario<\/span> <span class=\"OYPEnA font-feature-liga-off font-feature-clig-off font-feature-calt-off text-decoration-none text-strikethrough-none\">per mettere al voto\u00a0<\/span><span class=\"OYPEnA font-feature-liga-off font-feature-clig-off font-feature-calt-off text-decoration-none text-strikethrough-none\">docenti straordinario per mettere al voto la nostra richiesta di autogestione, approvata da 55 professori che hanno scelto di appoggiarci. Il nostro obiettivo \u00e8 sempre stato il dialogo con l\u2019istituzione scolastica per combattere un nemico comune. La nostra forza \u00e8 stata anche quella di riuscire ad andare avanti senza fare nessun passo indietro, superando la paura di ripercussioni sul voto, generalizzata tra gli studenti della nostra scuola.\u00a0<\/span><span class=\"OYPEnA font-feature-liga-off font-feature-clig-off font-feature-calt-off text-decoration-none text-strikethrough-none\">Di fronte ai tagli dell\u2019istruzione e alla repressione noi studenti non siamo impassibili ma lottiamo attivamente per avere una scuola e una societ\u00e0 libere e che promuovano la coscienza critica. Grazie alla nostra protesta abbiamo compreso la forza che abbiamo, imparando una lezione che continueremo ad usare nella lotta per le nostre idee.<\/span><\/p>\n","protected":false},"excerpt":{"rendered":"<p>\u201cPacinotti occupato\u201d, \u00e8 questo quello che si legge sullo striscione che pende dal balcone della presidenza la mattina di mercoled\u00ec 18 dicembre 2024 con un gruppo di ragazzi vestiti di nero e incappucciati che fa da cornice. Ma in poco tempo le cose cambiano e l\u2019edificio dell\u2019ITE \u00e8 nella confusione: i ragazzi in nero escono [&hellip;]<\/p>\n","protected":false},"author":1,"featured_media":0,"comment_status":"open","ping_status":"open","sticky":false,"template":"","format":"standard","meta":{"_genesis_hide_title":false,"_genesis_hide_breadcrumbs":false,"_genesis_hide_singular_image":false,"_genesis_hide_footer_widgets":false,"_genesis_custom_body_class":"","_genesis_custom_post_class":"","_genesis_layout":"","footnotes":""},"categories":[3],"tags":[],"class_list":{"0":"post-7470","1":"post","2":"type-post","3":"status-publish","4":"format-standard","6":"category-in-primo-piano","7":"entry"},"_links":{"self":[{"href":"http:\/\/www.rapsodiaonline.it\/index.php?rest_route=\/wp\/v2\/posts\/7470","targetHints":{"allow":["GET"]}}],"collection":[{"href":"http:\/\/www.rapsodiaonline.it\/index.php?rest_route=\/wp\/v2\/posts"}],"about":[{"href":"http:\/\/www.rapsodiaonline.it\/index.php?rest_route=\/wp\/v2\/types\/post"}],"author":[{"embeddable":true,"href":"http:\/\/www.rapsodiaonline.it\/index.php?rest_route=\/wp\/v2\/users\/1"}],"replies":[{"embeddable":true,"href":"http:\/\/www.rapsodiaonline.it\/index.php?rest_route=%2Fwp%2Fv2%2Fcomments&post=7470"}],"version-history":[{"count":2,"href":"http:\/\/www.rapsodiaonline.it\/index.php?rest_route=\/wp\/v2\/posts\/7470\/revisions"}],"predecessor-version":[{"id":7473,"href":"http:\/\/www.rapsodiaonline.it\/index.php?rest_route=\/wp\/v2\/posts\/7470\/revisions\/7473"}],"wp:attachment":[{"href":"http:\/\/www.rapsodiaonline.it\/index.php?rest_route=%2Fwp%2Fv2%2Fmedia&parent=7470"}],"wp:term":[{"taxonomy":"category","embeddable":true,"href":"http:\/\/www.rapsodiaonline.it\/index.php?rest_route=%2Fwp%2Fv2%2Fcategories&post=7470"},{"taxonomy":"post_tag","embeddable":true,"href":"http:\/\/www.rapsodiaonline.it\/index.php?rest_route=%2Fwp%2Fv2%2Ftags&post=7470"}],"curies":[{"name":"wp","href":"https:\/\/api.w.org\/{rel}","templated":true}]}}