{"id":7446,"date":"2024-11-08T18:35:29","date_gmt":"2024-11-08T18:35:29","guid":{"rendered":"https:\/\/www.rapsodiaonline.it\/?p=7446"},"modified":"2024-11-08T18:40:29","modified_gmt":"2024-11-08T18:40:29","slug":"la-rivoluzione-divora-i-suoi-figli-patriottismo-e-delusione-nellandrea-chenier-di-umberto-giordano","status":"publish","type":"post","link":"http:\/\/www.rapsodiaonline.it\/?p=7446","title":{"rendered":"\u201cLa Rivoluzione divora i suoi figli\u201d: patriottismo e delusione nell\u2019Andrea Ch\u00e9nier di Umberto Giordano"},"content":{"rendered":"\n<p><span style=\"font-weight: 400;\">La stagione d&#8217;opera del Teatro Verdi di Pisa 2024-25 \u00e8 iniziata nel weekend del 25-27 ottobre con l\u2019<\/span><i><span style=\"font-weight: 400;\">Andrea Ch\u00e9nier.<\/span><\/i><\/p>\n<p><span style=\"font-weight: 400;\">L\u2019opera, scritta nel 1896 da Umberto Giordano, \u00e8 ambientata tra la Rivoluzione Francese e il successivo periodo del Terrore e racconta l&#8217;amore tra Maddalena di Coigny, una ricca e giovane contessa, e il giovane poeta Andrea Ch\u00e9nier.<\/span><\/p>\n<p><span style=\"font-weight: 400;\">Nel primo atto i due protagonisti si conoscono a una festa organizzata dalla madre di Maddalena. In quell\u2019occasione il maggiordomo dei conti di Coigny, Carlo G\u00e9rard, odiando la famiglia, la nobilt\u00e0 e l&#8217;essere servo ma amando segretamente la contessina, prima si allontana dal castello e poi vi fa ritorno irrompendo con un gruppo di rivoluzionari.<\/span><\/p>\n<p><span style=\"font-weight: 400;\">Nel secondo atto, a distanza di anni, nel periodo del Terrore, G\u00e9rard \u00e8 diventato un capo e fa pedinare Ch\u00e9nier da un \u201cIncredibile\u201d perch\u00e9 lo vuole incastrare. Maddalena, rimasta orfana e priva di mezzi, vive di stenti grazie all\u2019aiuto della fedele serva. Ricorda ancora le parole di Andrea Ch\u00e9nier sull\u2019amore e sulla patria e cerca, scrivendogli lettere anonime, di riceverne protezione. Andrea, che dovrebbe fuggire dalla Francia, decide di incontrarla invece di fuggire; i due trovano l&#8217;amore ma irrompe G\u00e9rard e i due uomini si sfidano a duello: G\u00e9rard viene ferito e consiglia ad Andrea Ch\u00e9nier di scappare perch\u00e9, anche se lui chiuder\u00e0 un occhio, i rivoltosi lo cercheranno.<\/span><\/p>\n<p><span style=\"font-weight: 400;\">Il terzo atto raffigura una Rivoluzione in difficolt\u00e0, bisognosa di soldati e di denaro; ormai guarito ma ancora innamorato di Maddalena, Gerard viene indotto dall\u2019\u201dIncredibile\u201d ad accusare Andrea Ch\u00e9nier, nel frattempo scappato e arrestato. Come previsto dall\u2019\u201dIncredibile\u201d, alla notizia dell\u2019arresto dell\u2019amato, Maddalena raggiunge sconvolta Gerard e si offre a lui in cambio della vita di Andrea. Gerard \u00e8 colpito da tale atto d\u2019amore e decide di ritirare la sua denuncia ma la condanna a morte viene comunque emessa.<\/span><\/p>\n<p><span style=\"font-weight: 400;\">Ambientato nella prigione, il quarto atto vede Andrea Ch\u00e9nier prepararsi alla morte; Maddalena decide di sostituirsi ad un\u2019altra condannata a morte per morire con lui. I due serenamente e amandosi vanno incontro alla morte.<\/span><\/p>\n<p><span style=\"font-weight: 400;\">L\u2019Andrea Ch\u00e9nier \u00e8 un&#8217;opera molto molto bella, sia nella trama che nelle musiche e nei contenuti. Guardando questa rappresentazione al teatro Verdi di Pisa, domenica 27 ottobre, il tempo \u00e8 semplicemente volato, cos\u00ec tanto che gli intervalli sono sembrati pi\u00f9 lunghi dell&#8217;opera stessa.<\/span><\/p>\n<p><span style=\"font-weight: 400;\">Sceneggiatura pressoch\u00e9 eccellente; dal secondo atto in poi c&#8217;\u00e8 sempre stata la presenza di fumo soffuso che rendeva l&#8217;effetto di freddezza e di guerra del periodo del Terrore, rendendo l&#8217;atmosfera perfetta. Anche i costumi erano molto curati e ben fatti.<\/span><\/p>\n<p><span style=\"font-weight: 400;\">Gli interpreti sono stati tutti molto bravi, in particolare al tenore (Andrea Ch\u00e9nier) e al baritono (G\u00e9rard) vanno le lodi maggiori senza ombra di dubbio. Ovviamente anche il resto dei cantanti e delle comparse sono state eccelse; una menzione d&#8217;onore va anche al coro, ottimo anche questo.<\/span><\/p>\n<p><span style=\"font-weight: 400;\">L&#8217;unico punto dolente di questa opera \u00e8 stata l&#8217;orchestra. Di certo non si pu\u00f2 dire che sia stata pessima, anzi il contrario: i musicisti hanno suonato molto bene le composizioni ma c&#8217;\u00e8 stato un enorme problema, cio\u00e8 che la musica soprastava la lirica. La musica finiva spesso a coprire il canto degli interpreti, a volte sforzato e, se non fosse stato per i sottotitoli, in alcuni momenti non si sarebbe proprio capito. Nella lirica la musica deve essere l&#8217;accompagnamento del canto, cos\u00ec che ci sia un&#8217;armonia equa e piacevole; ma in quest&#8217;opera non c&#8217;\u00e8 stata questa bella armonia purtroppo.<\/span><\/p>\n<p><span style=\"font-weight: 400;\">Per quanto riguarda i contenuti, oltre al classico tema dell&#8217;amore tragico e della morte, ne spiccano altri due: il patriottismo e la delusione. Entrambi sono rintracciabili nel terzo atto: il primo \u00e8 manifestato da una vecchia cieca che, anche se aveva gi\u00e0 perso il figlio in battaglia, chiede venga fatto arruolare anche il nipote, evento tragico ma estremamente patriottico. Il secondo trova espressione nella figura di G\u00e9rard: G\u00e9rard prima della rivoluzione \u00e8 deluso perch\u00e9 servo di una nobile famiglia; dopo la rivoluzione, nel Terrore, resta sempre deluso perch\u00e9 si accorge di essere servo ma questa volta della rivoluzione stessa e del tribunale della morte.<\/span><\/p>\n<p>Alessandro Simone (classe 3B &#8211; liceo classico)<\/p>\n","protected":false},"excerpt":{"rendered":"<p>La stagione d&#8217;opera del Teatro Verdi di Pisa 2024-25 \u00e8 iniziata nel weekend del 25-27 ottobre con l\u2019Andrea Ch\u00e9nier. L\u2019opera, scritta nel 1896 da Umberto Giordano, \u00e8 ambientata tra la Rivoluzione Francese e il successivo periodo del Terrore e racconta l&#8217;amore tra Maddalena di Coigny, una ricca e giovane contessa, e il giovane poeta Andrea [&hellip;]<\/p>\n","protected":false},"author":1,"featured_media":7447,"comment_status":"open","ping_status":"open","sticky":false,"template":"","format":"standard","meta":{"_genesis_hide_title":false,"_genesis_hide_breadcrumbs":false,"_genesis_hide_singular_image":false,"_genesis_hide_footer_widgets":false,"_genesis_custom_body_class":"","_genesis_custom_post_class":"","_genesis_layout":"","footnotes":""},"categories":[58],"tags":[],"class_list":{"0":"post-7446","1":"post","2":"type-post","3":"status-publish","4":"format-standard","5":"has-post-thumbnail","7":"category-un-palco-allopera","8":"entry"},"_links":{"self":[{"href":"http:\/\/www.rapsodiaonline.it\/index.php?rest_route=\/wp\/v2\/posts\/7446","targetHints":{"allow":["GET"]}}],"collection":[{"href":"http:\/\/www.rapsodiaonline.it\/index.php?rest_route=\/wp\/v2\/posts"}],"about":[{"href":"http:\/\/www.rapsodiaonline.it\/index.php?rest_route=\/wp\/v2\/types\/post"}],"author":[{"embeddable":true,"href":"http:\/\/www.rapsodiaonline.it\/index.php?rest_route=\/wp\/v2\/users\/1"}],"replies":[{"embeddable":true,"href":"http:\/\/www.rapsodiaonline.it\/index.php?rest_route=%2Fwp%2Fv2%2Fcomments&post=7446"}],"version-history":[{"count":1,"href":"http:\/\/www.rapsodiaonline.it\/index.php?rest_route=\/wp\/v2\/posts\/7446\/revisions"}],"predecessor-version":[{"id":7448,"href":"http:\/\/www.rapsodiaonline.it\/index.php?rest_route=\/wp\/v2\/posts\/7446\/revisions\/7448"}],"wp:featuredmedia":[{"embeddable":true,"href":"http:\/\/www.rapsodiaonline.it\/index.php?rest_route=\/wp\/v2\/media\/7447"}],"wp:attachment":[{"href":"http:\/\/www.rapsodiaonline.it\/index.php?rest_route=%2Fwp%2Fv2%2Fmedia&parent=7446"}],"wp:term":[{"taxonomy":"category","embeddable":true,"href":"http:\/\/www.rapsodiaonline.it\/index.php?rest_route=%2Fwp%2Fv2%2Fcategories&post=7446"},{"taxonomy":"post_tag","embeddable":true,"href":"http:\/\/www.rapsodiaonline.it\/index.php?rest_route=%2Fwp%2Fv2%2Ftags&post=7446"}],"curies":[{"name":"wp","href":"https:\/\/api.w.org\/{rel}","templated":true}]}}