{"id":7250,"date":"2024-03-12T15:36:00","date_gmt":"2024-03-12T15:36:00","guid":{"rendered":"https:\/\/www.rapsodiaonline.it\/?p=7250"},"modified":"2024-03-10T18:08:23","modified_gmt":"2024-03-10T18:08:23","slug":"il-grido-contro-la-guerra-di-dargen-damico","status":"publish","type":"post","link":"http:\/\/www.rapsodiaonline.it\/?p=7250","title":{"rendered":"Il grido contro la guerra di Dargen D&#8217;Amico"},"content":{"rendered":"\n<p class=\"cvGsUA direction-ltr align-justify para-style-body\"><span class=\"OYPEnA text-decoration-none text-strikethrough-none\">&#8220;Onda Alta\u201d di Dargen D\u2019Amico \u00e8 un brano che si distingue per la sua profonda analisi della societ\u00e0 odierna. Attraverso versi impegnati e metafore suggestive, l\u2019artista esplora temi come l\u2019alienazione, la ricerca di identit\u00e0 e la lotta contro i pregiudizi. La \u201conda alta\u201d diventa una metafora potente per rappresentare le sfide e le pressioni che molte persone affrontano nella loro vita quotidiana, spesso sentendosi sopraffatte e incapaci di far fronte alle onde tumultuose della societ\u00e0 odierna.<\/span><\/p>\n<p class=\"cvGsUA direction-ltr align-justify para-style-body\"><span class=\"OYPEnA text-decoration-none text-strikethrough-none\">Nel brano il cantante tratta anche l\u2019argomento migrazioni e l\u2019argomento guerra.<\/span><\/p>\n<p class=\"cvGsUA direction-ltr align-justify para-style-body\"><span class=\"OYPEnA text-decoration-none text-strikethrough-none\">Sulle migrazioni l\u2018artista dice \u201cNavigando, navigando verso Malta, senza aver nuotato mai nell\u2019acqua alta.\u201d Riportando cos\u00ec questo argomento sul palco di Sanremo.<\/span><\/p>\n<p class=\"cvGsUA direction-ltr align-justify para-style-body\"><span class=\"OYPEnA text-decoration-none text-strikethrough-none\">Sulle guerre invece afferma<\/span> <span class=\"OYPEnA text-decoration-none text-strikethrough-none\">\u201cC\u2019\u00e8 una guerra di cuscini, ma cuscini un po\u2019 pesanti. Se la guerra \u00e8 dei bambini, la colpa \u00e8 di tutti quanti.\u201d Il tutto \u00e8 accompagnato dal suo vestito alla prima serata del festival, anch\u2019esso un richiamo alla guerra e a tutti i bambini vittime di queste guerre.<\/span><\/p>\n<p class=\"cvGsUA direction-ltr align-justify para-style-body\"><span class=\"OYPEnA text-decoration-none text-strikethrough-none\">Le parole di Dargen D\u2019Amico trasmettono un senso di frustrazione e disillusione nei confronti delle istituzioni e dei sistemi di governo che opprimono le persone. Tuttavia, c\u2019\u00e8 anche un po\u2019 di speranza e incoraggiamento nel cercare la propria voce e lottare per un cambiamento positivo. Il brano invita gli ascoltatori a non arrendersi disperazione, ma piuttosto a cercare la forza interiore per navigare le acque agitate della vita e per perseguire una esistenza pi\u00f9 autentica e significativa.<\/span><\/p>\n<p class=\"cvGsUA direction-ltr align-justify para-style-body\"><span class=\"OYPEnA text-decoration-none text-strikethrough-none\">Il cantante nel testo va a criticare la societ\u00e0 dicendo: \u201cQuando hai meno, vivi pi\u00f9 sereno. Qua abbiamo tutto ma ci manca sentimento. E non riusciamo pi\u00f9 a volerci bene.\u201d Si punta il dito contro l\u2019 eccessivo desiderio di possesso della societ\u00e0 odierna, che non si accontenta pi\u00f9 di niente. Della societ\u00e0 odierna, a parer mio, Dargen D\u2019Amico critica anche la grande importanza che diamo al pensiero altrui \u201cC\u2019\u00e8 chi mi chiama figlio di puttana, che c\u2019\u00e8 di male? L\u2019importante \u00e8 aver la mamma che non lavori troppo che la alla vita \u00e8 breve.\u201d<\/span><\/p>\n<p class=\"cvGsUA direction-ltr align-justify para-style-body\"><span class=\"OYPEnA text-decoration-none text-strikethrough-none\">L\u2019analisi del testo rivela la capacit\u00e0 di Dargen D\u2019Amico di cogliere le sfumature complesse della condizione umana e di tradurle in versi potenti e incisivi. La sua critica sociale \u00e8 affilata e diretta, ma \u00e8 permeata da una profonda empatia per coloro che lottano contro le ingiustizie del mondo. \u201cOnda Alta\u201d \u00e8, quindi, non solo una canzone, ma un\u2019opera d\u2019arte che invita alla riflessione e all\u2019azione, spingendo gli ascoltatori a interrogarsi sulle proprie posizioni e a impegnarsi per un cambiamento positivo nella societ\u00e0.<\/span><\/p>\n<p>\u00a0<\/p>\n<p>Marco Rotelli (classe 2B &#8211; liceo classico)<\/p>\n","protected":false},"excerpt":{"rendered":"<p>&#8220;Onda Alta\u201d di Dargen D\u2019Amico \u00e8 un brano che si distingue per la sua profonda analisi della societ\u00e0 odierna. Attraverso versi impegnati e metafore suggestive, l\u2019artista esplora temi come l\u2019alienazione, la ricerca di identit\u00e0 e la lotta contro i pregiudizi. La \u201conda alta\u201d diventa una metafora potente per rappresentare le sfide e le pressioni che [&hellip;]<\/p>\n","protected":false},"author":1,"featured_media":7251,"comment_status":"open","ping_status":"open","sticky":false,"template":"","format":"standard","meta":{"_genesis_hide_title":false,"_genesis_hide_breadcrumbs":false,"_genesis_hide_singular_image":false,"_genesis_hide_footer_widgets":false,"_genesis_custom_body_class":"","_genesis_custom_post_class":"","_genesis_layout":"","footnotes":""},"categories":[18],"tags":[],"class_list":{"0":"post-7250","1":"post","2":"type-post","3":"status-publish","4":"format-standard","5":"has-post-thumbnail","7":"category-visto-letto-sentito","8":"entry"},"_links":{"self":[{"href":"http:\/\/www.rapsodiaonline.it\/index.php?rest_route=\/wp\/v2\/posts\/7250","targetHints":{"allow":["GET"]}}],"collection":[{"href":"http:\/\/www.rapsodiaonline.it\/index.php?rest_route=\/wp\/v2\/posts"}],"about":[{"href":"http:\/\/www.rapsodiaonline.it\/index.php?rest_route=\/wp\/v2\/types\/post"}],"author":[{"embeddable":true,"href":"http:\/\/www.rapsodiaonline.it\/index.php?rest_route=\/wp\/v2\/users\/1"}],"replies":[{"embeddable":true,"href":"http:\/\/www.rapsodiaonline.it\/index.php?rest_route=%2Fwp%2Fv2%2Fcomments&post=7250"}],"version-history":[{"count":2,"href":"http:\/\/www.rapsodiaonline.it\/index.php?rest_route=\/wp\/v2\/posts\/7250\/revisions"}],"predecessor-version":[{"id":7256,"href":"http:\/\/www.rapsodiaonline.it\/index.php?rest_route=\/wp\/v2\/posts\/7250\/revisions\/7256"}],"wp:featuredmedia":[{"embeddable":true,"href":"http:\/\/www.rapsodiaonline.it\/index.php?rest_route=\/wp\/v2\/media\/7251"}],"wp:attachment":[{"href":"http:\/\/www.rapsodiaonline.it\/index.php?rest_route=%2Fwp%2Fv2%2Fmedia&parent=7250"}],"wp:term":[{"taxonomy":"category","embeddable":true,"href":"http:\/\/www.rapsodiaonline.it\/index.php?rest_route=%2Fwp%2Fv2%2Fcategories&post=7250"},{"taxonomy":"post_tag","embeddable":true,"href":"http:\/\/www.rapsodiaonline.it\/index.php?rest_route=%2Fwp%2Fv2%2Ftags&post=7250"}],"curies":[{"name":"wp","href":"https:\/\/api.w.org\/{rel}","templated":true}]}}