{"id":7227,"date":"2024-03-01T13:31:57","date_gmt":"2024-03-01T13:31:57","guid":{"rendered":"https:\/\/www.rapsodiaonline.it\/?p=7227"},"modified":"2024-03-01T13:35:55","modified_gmt":"2024-03-01T13:35:55","slug":"gli-ebrei-fuori-dal-galilei","status":"publish","type":"post","link":"http:\/\/www.rapsodiaonline.it\/?p=7227","title":{"rendered":"Gli ebrei fuori dal Galilei"},"content":{"rendered":"\n<p>Marted\u00ec 13 febbraio \u00e8 tornato a fare lezione tra le mura del Galilei, per il secondo incontro del <em>Progetto memoria<\/em>, il professor Stefano Sodi, che ha insegnato storia e filosofia proprio in questa scuola fino al 2018. Il professore ha pubblicato nel 2008 il libro \u201cMio padre ci disse che non saremmo pi\u00f9 tornate al Galilei. L\u2019applicazione delle leggi del 1938 al Regio liceo classico Galileo Galilei di Pisa\u201d, frutto di una ricerca, condotta insieme ai suoi studenti, sulle fonti scritte conservate nell\u2019Archivio di Stato e nell\u2019archivio storico della scuola, e la raccolta di interviste agli ex-alunni ebrei che frequentavano il \u201cGalilei\u201d o ai loro parenti, che hanno permesso di individuare punti in comune e differenze delle loro testimonianze. Nel 2019, il libro \u00e8 stato rivisto e integrato con nuove informazioni ed \u00e8 confluito in un nuovo volume, \u201cFuori da scuola. 1938 \u2013 studenti e docenti ebrei espulsi dalle aule pisane\u201d.<\/p>\n<p>Durante la conferenza, il professore ci ha raccontato cosa ha scoperto riguardo agli studenti e al professore che sono stati allontanati dal Galilei nel 1938, a seguito dell\u2019emanazione delle leggi razziali. Prima di tutto \u00e8 interessante notare che la maggior parte di loro apparteneva a famiglie borghesi, ma soprattutto che alcuni avevano apertamente aderito al fascismo, e dunque si sono sentiti traditi dal regime, come hanno raccontato Rafael Emdim e Mario Pontecorvo. Tutti loro, fascisti e non fascisti, furono costretti a continuare gli studi e, nel caso del professor Lamberto Borghi, l\u2019insegnamento in scuole ebraiche o ad abbandonare gli studi, per poi riprenderli dopo la fine della guerra.<\/p>\n<p>Nonostante le loro esperienze siano state di diverso tipo &#8211; c\u2019\u00e8 stato chi \u00e8 fuggito all\u2019estero appena ha potuto e chi invece si \u00e8 nascosto in Italia, magari in un convento o in campagna &#8211; per fortuna quasi tutti sono riusciti a sfuggire ai rastrellamenti nazifascisti, tranne Renzo Roccas, che fu catturato il 20 aprile del 1944 a Chianni, dove si era trasferito con i suoi familiari, e fu deportato ad Auschwiz, dove mor\u00ec il 31 ottobre dello stesso anno. Il suo nome \u00e8 inciso su una delle quattro pietre d\u2019inciampo installate a Pisa in memoria.<\/p>\n<p>Il professor Sodi ha ritenuto importante domandare agli intervistati qual \u00e8 stata la reazione dei compagni di classe alla loro espulsione. Nel complesso la risposta \u00e8 stata che compagni e professori non hanno avuto un atteggiamento esplicitamente discriminatorio, fatta eccezione per Nelly Luzzato, che ricorda di essere stata completamente emarginata,\u00a0 e per Laura Pontecorvo, la quale ha definito il preside come un \u201cfascista entusiasta delle porcherie fatte dal governo\u201d. L\u2019unica per\u00f2 che rimase in buoni rapporti con i propri compagni fu Nicla Piperno, che continu\u00f2 a essere invitata dalla classe alle gite domenicali in bicicletta. Dall\u2019analisi delle testimonianze dunque sembrerebbe che la maggior parte degli studenti del liceo sia rimasta indifferente ai provvedimenti che hanno colpito i compagni ebrei, ma in alcuni casi si \u00e8 attribuita la colpa di ci\u00f2 alla giovane et\u00e0 degli studenti pi\u00f9 piccoli, che frequentavano il ginnasio e che magari non hanno avuto i mezzi per mantenere contatti all\u2019infuori del contesto scolastico.<\/p>\n<p>Per concludere, credo che soprattutto in questo momento storico, lavori e lezioni come quelle del professor Sodi, ci possano aiutare a comprendere che simili eventi possono ripresentarsi e soprattutto che non sono qualcosa di tanto lontano dalla nostra realt\u00e0 quotidiana. Perci\u00f2 sta a noi non fare come hanno fatto in molti in quel 1938, non voltare lo sguardo dall\u2019altra parte e non rimanere indifferenti.<\/p>\n<p>Costanza Pucci (classe 5D \u2013 liceo classico)<\/p>\n<p><a href=\"http:\/\/www.rapsodiaonline.it\/wp-content\/uploads\/2024\/03\/Locandina-Progetto-Memoria-Galilei-2024.pdf\">Locandina Progetto memoria<\/a><\/p>\n<p>\u00a0<\/p>\n","protected":false},"excerpt":{"rendered":"<p>Marted\u00ec 13 febbraio \u00e8 tornato a fare lezione tra le mura del Galilei, per il secondo incontro del Progetto memoria, il professor Stefano Sodi, che ha insegnato storia e filosofia proprio in questa scuola fino al 2018. Il professore ha pubblicato nel 2008 il libro \u201cMio padre ci disse che non saremmo pi\u00f9 tornate al [&hellip;]<\/p>\n","protected":false},"author":1,"featured_media":7228,"comment_status":"open","ping_status":"open","sticky":false,"template":"","format":"standard","meta":{"_genesis_hide_title":false,"_genesis_hide_breadcrumbs":false,"_genesis_hide_singular_image":false,"_genesis_hide_footer_widgets":false,"_genesis_custom_body_class":"","_genesis_custom_post_class":"","_genesis_layout":"","footnotes":""},"categories":[18],"tags":[],"class_list":{"0":"post-7227","1":"post","2":"type-post","3":"status-publish","4":"format-standard","5":"has-post-thumbnail","7":"category-visto-letto-sentito","8":"entry"},"_links":{"self":[{"href":"http:\/\/www.rapsodiaonline.it\/index.php?rest_route=\/wp\/v2\/posts\/7227","targetHints":{"allow":["GET"]}}],"collection":[{"href":"http:\/\/www.rapsodiaonline.it\/index.php?rest_route=\/wp\/v2\/posts"}],"about":[{"href":"http:\/\/www.rapsodiaonline.it\/index.php?rest_route=\/wp\/v2\/types\/post"}],"author":[{"embeddable":true,"href":"http:\/\/www.rapsodiaonline.it\/index.php?rest_route=\/wp\/v2\/users\/1"}],"replies":[{"embeddable":true,"href":"http:\/\/www.rapsodiaonline.it\/index.php?rest_route=%2Fwp%2Fv2%2Fcomments&post=7227"}],"version-history":[{"count":2,"href":"http:\/\/www.rapsodiaonline.it\/index.php?rest_route=\/wp\/v2\/posts\/7227\/revisions"}],"predecessor-version":[{"id":7232,"href":"http:\/\/www.rapsodiaonline.it\/index.php?rest_route=\/wp\/v2\/posts\/7227\/revisions\/7232"}],"wp:featuredmedia":[{"embeddable":true,"href":"http:\/\/www.rapsodiaonline.it\/index.php?rest_route=\/wp\/v2\/media\/7228"}],"wp:attachment":[{"href":"http:\/\/www.rapsodiaonline.it\/index.php?rest_route=%2Fwp%2Fv2%2Fmedia&parent=7227"}],"wp:term":[{"taxonomy":"category","embeddable":true,"href":"http:\/\/www.rapsodiaonline.it\/index.php?rest_route=%2Fwp%2Fv2%2Fcategories&post=7227"},{"taxonomy":"post_tag","embeddable":true,"href":"http:\/\/www.rapsodiaonline.it\/index.php?rest_route=%2Fwp%2Fv2%2Ftags&post=7227"}],"curies":[{"name":"wp","href":"https:\/\/api.w.org\/{rel}","templated":true}]}}