{"id":7134,"date":"2024-01-15T13:36:00","date_gmt":"2024-01-15T13:36:00","guid":{"rendered":"https:\/\/www.rapsodiaonline.it\/?p=7134"},"modified":"2024-01-26T14:19:29","modified_gmt":"2024-01-26T14:19:29","slug":"la-giovane-promessa-del-tennis-azzurro","status":"publish","type":"post","link":"http:\/\/www.rapsodiaonline.it\/?p=7134","title":{"rendered":"La giovane promessa del tennis azzurro"},"content":{"rendered":"\n<p>Nel panorama dello sport italiano una giovane stella sta rapidamente emergendo nel mondo del tennis: Jannik Sinner. Nato il 16 agosto 2001 a San Candido, in Alto Adige, ha mosso i suoi primi passi con la tuta da sci e gli scarponi ai piedi prima di iniziare il suo percorso nel tennis, dimostrando sin da subito una dedizione e una passione straordinaria per questo sport. Fin da giovanissimo ha dimostrato di essere un vero prodigio, vincendo titoli importanti nelle categorie giovanili prima di fare il grande salto nel professionismo. La sua transizione all\u2019interno del circuito \u00e8 stata rapida ma ben pianificata, e lo ha portato, nel giro di poco tempo, a guadagnarsi un posto nei tornei di prestigio, diventando cos\u00ec uno dei volti pi\u00f9 promettenti del tennis internazionale. Ci\u00f2 che distingue Jannik \u00e8 la sua tecnica impeccabile e la sua mentalit\u00e0 vincente: il suo gioco aggressivo e la capacit\u00e0 di adattarsi a diverse superfici, condita con una maturit\u00e0 mentale impressionante per un ragazzo della sua et\u00e0, lo rendono un avversario temibile per chiunque si presenti davanti.<\/p>\n<p>Il 2023 \u00e8 stato l\u2019anno della consacrazione per Jannik: primo master 1000, best ranking al numero 4, finale alle ATP finals di Torino e storico trionfo alla Coppa Davis. Proprio in quest\u2019ultimo successo Sinner \u00e8 riuscito nella grande impresa guidando la nazionale italiana ben 47 anni dopo l\u2019ultimo successo, targato Panatta-Barazzutti-Bertolucci-Zugarelli, battendo la \u201cbestia nera\u201d Australia. Con il termine della stagione 2023 Jannik Sinner si prepara per sfide ancora pi\u00f9 grandi nel futuro. La sua costante evoluzione tecnica e la determinazione a migliorarsi continuamente lo mostrano come una delle promesse pi\u00f9 luminose del tennis mondiale. Gli appassionati possono guardare con ottimismo al futuro, sapendo che Sinner \u00e8 destinato a scrivere ancora molte pagine memorabili dello sport italiano con un occhio attento rivolto alle Olimpiadi di Parigi del 2024.\u00a0\u00a0\u00a0\u00a0\u00a0\u00a0\u00a0\u00a0\u00a0\u00a0\u00a0\u00a0\u00a0\u00a0\u00a0\u00a0\u00a0\u00a0\u00a0\u00a0\u00a0\u00a0\u00a0\u00a0\u00a0\u00a0\u00a0\u00a0\u00a0\u00a0\u00a0\u00a0\u00a0\u00a0\u00a0\u00a0\u00a0\u00a0\u00a0\u00a0\u00a0\u00a0\u00a0\u00a0\u00a0\u00a0\u00a0\u00a0\u00a0\u00a0\u00a0\u00a0\u00a0\u00a0\u00a0\u00a0\u00a0\u00a0\u00a0\u00a0 \u00a0\u00a0\u00a0\u00a0\u00a0\u00a0\u00a0\u00a0\u00a0\u00a0\u00a0\u00a0\u00a0\u00a0\u00a0\u00a0\u00a0\u00a0\u00a0\u00a0\u00a0\u00a0\u00a0 \u00a0\u00a0\u00a0\u00a0\u00a0\u00a0\u00a0\u00a0\u00a0\u00a0\u00a0<\/p>\n<p>Giovanni Paolo Piccirilli (classe 4A &#8211; Liceo classico) &#8211; Diego Taverni (classe 5D &#8211; Liceo classico)<\/p>\n<p>\u00a0<\/p>\n","protected":false},"excerpt":{"rendered":"<p>Nel panorama dello sport italiano una giovane stella sta rapidamente emergendo nel mondo del tennis: Jannik Sinner. Nato il 16 agosto 2001 a San Candido, in Alto Adige, ha mosso i suoi primi passi con la tuta da sci e gli scarponi ai piedi prima di iniziare il suo percorso nel tennis, dimostrando sin da [&hellip;]<\/p>\n","protected":false},"author":1,"featured_media":7159,"comment_status":"open","ping_status":"open","sticky":false,"template":"","format":"standard","meta":{"_genesis_hide_title":false,"_genesis_hide_breadcrumbs":false,"_genesis_hide_singular_image":false,"_genesis_hide_footer_widgets":false,"_genesis_custom_body_class":"","_genesis_custom_post_class":"","_genesis_layout":"","footnotes":""},"categories":[20],"tags":[],"class_list":{"0":"post-7134","1":"post","2":"type-post","3":"status-publish","4":"format-standard","5":"has-post-thumbnail","7":"category-sport-evento-della-settimana","8":"entry"},"_links":{"self":[{"href":"http:\/\/www.rapsodiaonline.it\/index.php?rest_route=\/wp\/v2\/posts\/7134","targetHints":{"allow":["GET"]}}],"collection":[{"href":"http:\/\/www.rapsodiaonline.it\/index.php?rest_route=\/wp\/v2\/posts"}],"about":[{"href":"http:\/\/www.rapsodiaonline.it\/index.php?rest_route=\/wp\/v2\/types\/post"}],"author":[{"embeddable":true,"href":"http:\/\/www.rapsodiaonline.it\/index.php?rest_route=\/wp\/v2\/users\/1"}],"replies":[{"embeddable":true,"href":"http:\/\/www.rapsodiaonline.it\/index.php?rest_route=%2Fwp%2Fv2%2Fcomments&post=7134"}],"version-history":[{"count":4,"href":"http:\/\/www.rapsodiaonline.it\/index.php?rest_route=\/wp\/v2\/posts\/7134\/revisions"}],"predecessor-version":[{"id":7143,"href":"http:\/\/www.rapsodiaonline.it\/index.php?rest_route=\/wp\/v2\/posts\/7134\/revisions\/7143"}],"wp:featuredmedia":[{"embeddable":true,"href":"http:\/\/www.rapsodiaonline.it\/index.php?rest_route=\/wp\/v2\/media\/7159"}],"wp:attachment":[{"href":"http:\/\/www.rapsodiaonline.it\/index.php?rest_route=%2Fwp%2Fv2%2Fmedia&parent=7134"}],"wp:term":[{"taxonomy":"category","embeddable":true,"href":"http:\/\/www.rapsodiaonline.it\/index.php?rest_route=%2Fwp%2Fv2%2Fcategories&post=7134"},{"taxonomy":"post_tag","embeddable":true,"href":"http:\/\/www.rapsodiaonline.it\/index.php?rest_route=%2Fwp%2Fv2%2Ftags&post=7134"}],"curies":[{"name":"wp","href":"https:\/\/api.w.org\/{rel}","templated":true}]}}