{"id":7131,"date":"2024-01-11T13:33:00","date_gmt":"2024-01-11T13:33:00","guid":{"rendered":"https:\/\/www.rapsodiaonline.it\/?p=7131"},"modified":"2024-01-03T16:07:00","modified_gmt":"2024-01-03T16:07:00","slug":"i-giorni-classici-al-via-la-x-edizione","status":"publish","type":"post","link":"http:\/\/www.rapsodiaonline.it\/?p=7131","title":{"rendered":"I Giorni Classici. Al via la X Edizione!"},"content":{"rendered":"\n<p>I Giorni Classici sono un\u2019importante tradizione del liceo classico Galileo Galilei. Durante queste giornate l\u2019attivit\u00e0 a scuola \u00e8 gestita dagli studenti, che si occupano di tutta la preparazione dell\u2019evento. Ogni anno viene scelto un tema diverso, inerente al percorso di studi classici; sulla base di questo gli studenti si dividono in gruppi per realizzare scene animate e allestire le aule con le scenografie. Un gruppo di studenti svolge poi il ruolo di guide accogliendo e accompagnando nel tour gli spettatori.<\/p>\n<p>Quest\u2019anno sar\u00e0 un\u2019edizione molto importante per la scuola, poich\u00e9 sar\u00e0 il decimo anno in cui I Giorni Classici verranno messi in scena.<\/p>\n<p>Il tema sar\u00e0 <em>La \u1f55\u03b2\u03c1\u03b9\u03c2 (hybris) e le sfide dell\u2019uomo<\/em>.<\/p>\n<p>Il concetto di \u1f55\u03b2\u03c1\u03b9\u03c2 trova le sue origini nell\u2019antica Grecia e indica un eccesso di orgoglio e arroganza che porta il soggetto interessato a superare i limiti e a sfidare gli d\u00e8i o le leggi, arrivando ad avere una punizione. Quando l\u2019uomo si lascia andare alla \u1f55\u03b2\u03c1\u03b9\u03c2 perde la propria umilt\u00e0, crede di essere al di sopra di tutto e tutti, si lancia in sfide al di sopra delle proprie possibilit\u00e0, spinto da sete di potere e gloria.<\/p>\n<p>Nell\u2019ambito politico e sociale la \u1f55\u03b2\u03c1\u03b9\u03c2 pu\u00f2 portare all\u2019abuso del potere; i leader pensano di essere invincibili ma questo atteggiamento conduce a eccessi e ingiustizie. Le sfide dell\u2019uomo risiedono nel riuscire a trovare un equilibrio tra ambizione e umilt\u00e0 e nel non cadere vittima della \u1f55\u03b2\u03c1\u03b9\u03c2: l\u2019uomo deve riconoscere i propri limiti; solo cos\u00ec potr\u00e0 affrontare le proprie sfide con saggezza e responsabilit\u00e0. Gli esempi di \u1f55\u03b2\u03c1\u03b9\u03c2 devono servire di lezione per ricordare al mondo che siamo tutti esseri umani con gli stessi limiti e le stesse fragilit\u00e0.<\/p>\n<p>Tra gli esempi che in tal senso possiamo trovare nella tradizione mitica e nella storia, la nostra scuola ha deciso di rappresentarne solo alcuni, quali il mito delle Baccanti, la storia di Lilith e quella del fisico Oppenheimer.<\/p>\n<p>La preparazione dell\u2019evento richiede grande impegno per buona parte dell\u2019anno scolastico: la preparazione delle brevi messe in scena impegna le assemblee d\u2019istituto da ottobre a dicembre; nell\u2019assemblea dell\u201911 gennaio i gruppi perfezioneranno la recitazione e l\u2019ambientazione degli spettacoli grazie agli studenti che si occupano di scenografia. Verranno inoltre realizzati i costumi delle guide. I Giorni Classici si svolgeranno venerd\u00ec 11 e sabato 12 gennaio.<\/p>\n<p>Invitiamo tutti quanti a partecipare per essere immersi nel mondo dei miti e nelle storie che appassionano noi studenti e studentesse del liceo Classico da sempre. Per poter partecipare basta prenotarsi sul nostro sito della scuola; ogni tour avr\u00e0 la durata di circa un\u2019ora e mezzo nelle fasce orarie delle 15:00 alle 18:00 per venerd\u00ec e sabato pomeriggio, mentre per sabato mattina \u00e8 prevista la fascia dalle 9:00 alle 12:00. Durante la visita i visitatori saranno accompagnati nelle varie aule dalle guide, ragazzi e ragazze che, come ogni anno, si calano nel ruolo di diversi personaggi mitici e storici, che hanno segnato notevolmente la cultura e la storia di tutto il mondo.\u00a0 Quest\u2019anno, per la prima volta, sar\u00e0 possibile acquistare tanti gadget, t-shirt e felpe, ognuno personalizzato con disegni che fanno riferimento agli spettacoli organizzati in questa edizione de I Giorni Classici!\u00a0 I Giorni Classici sono per noi, da ormai dieci anni, non solo un momento di svago e divertimento, ma anche di condivisione e conoscenza tra noi studenti e tale atmosfera accompagner\u00e0 i visitatori durante tutto il viaggio. \u00a0Noi ragazzi e ragazze del Liceo Galilei vi aspettiamo in tanti, per fare avvicinare ma soprattutto appassionare chiunque voglia ai miti e alle molte storie che studiamo durante i nostri cinque anni di scuola, mettendoli in scena in modo diverso e creativo.<\/p>\n<p>Giorgia Cervelli (classe 2B &#8211; Liceo classico) &#8211; Marta Fabozzi (classe 2C &#8211; Liceo classico) &#8211; Ludovica Tavani (classe 2C &#8211; Liceo classico)\u00a0<\/p>\n","protected":false},"excerpt":{"rendered":"<p>I Giorni Classici sono un\u2019importante tradizione del liceo classico Galileo Galilei. Durante queste giornate l\u2019attivit\u00e0 a scuola \u00e8 gestita dagli studenti, che si occupano di tutta la preparazione dell\u2019evento. Ogni anno viene scelto un tema diverso, inerente al percorso di studi classici; sulla base di questo gli studenti si dividono in gruppi per realizzare scene [&hellip;]<\/p>\n","protected":false},"author":1,"featured_media":7132,"comment_status":"open","ping_status":"open","sticky":false,"template":"","format":"standard","meta":{"_genesis_hide_title":false,"_genesis_hide_breadcrumbs":false,"_genesis_hide_singular_image":false,"_genesis_hide_footer_widgets":false,"_genesis_custom_body_class":"","_genesis_custom_post_class":"","_genesis_layout":"","footnotes":""},"categories":[3],"tags":[],"class_list":{"0":"post-7131","1":"post","2":"type-post","3":"status-publish","4":"format-standard","5":"has-post-thumbnail","7":"category-in-primo-piano","8":"entry"},"_links":{"self":[{"href":"http:\/\/www.rapsodiaonline.it\/index.php?rest_route=\/wp\/v2\/posts\/7131","targetHints":{"allow":["GET"]}}],"collection":[{"href":"http:\/\/www.rapsodiaonline.it\/index.php?rest_route=\/wp\/v2\/posts"}],"about":[{"href":"http:\/\/www.rapsodiaonline.it\/index.php?rest_route=\/wp\/v2\/types\/post"}],"author":[{"embeddable":true,"href":"http:\/\/www.rapsodiaonline.it\/index.php?rest_route=\/wp\/v2\/users\/1"}],"replies":[{"embeddable":true,"href":"http:\/\/www.rapsodiaonline.it\/index.php?rest_route=%2Fwp%2Fv2%2Fcomments&post=7131"}],"version-history":[{"count":2,"href":"http:\/\/www.rapsodiaonline.it\/index.php?rest_route=\/wp\/v2\/posts\/7131\/revisions"}],"predecessor-version":[{"id":7142,"href":"http:\/\/www.rapsodiaonline.it\/index.php?rest_route=\/wp\/v2\/posts\/7131\/revisions\/7142"}],"wp:featuredmedia":[{"embeddable":true,"href":"http:\/\/www.rapsodiaonline.it\/index.php?rest_route=\/wp\/v2\/media\/7132"}],"wp:attachment":[{"href":"http:\/\/www.rapsodiaonline.it\/index.php?rest_route=%2Fwp%2Fv2%2Fmedia&parent=7131"}],"wp:term":[{"taxonomy":"category","embeddable":true,"href":"http:\/\/www.rapsodiaonline.it\/index.php?rest_route=%2Fwp%2Fv2%2Fcategories&post=7131"},{"taxonomy":"post_tag","embeddable":true,"href":"http:\/\/www.rapsodiaonline.it\/index.php?rest_route=%2Fwp%2Fv2%2Ftags&post=7131"}],"curies":[{"name":"wp","href":"https:\/\/api.w.org\/{rel}","templated":true}]}}