{"id":7009,"date":"2023-10-12T15:28:47","date_gmt":"2023-10-12T15:28:47","guid":{"rendered":"http:\/\/www.rapsodiaonline.it\/?p=7009"},"modified":"2023-10-12T15:28:49","modified_gmt":"2023-10-12T15:28:49","slug":"1973-2023-conferenza-di-rodrigo-rivas-in-ricordo-del-golpe-di-pinochet-e-dei-suoi-sviluppi-nel-suo-cinquantennale","status":"publish","type":"post","link":"http:\/\/www.rapsodiaonline.it\/?p=7009","title":{"rendered":"1973-2023: conferenza di Rodrigo Rivas in ricordo del golpe di Pinochet e dei suoi sviluppi nel suo cinquantennale"},"content":{"rendered":"\n<p><strong>L&#8217;intellettuale di origine cilena, che pi\u00f9 volte ha tenuto lezioni al Pacinotti, ricorda in questa conferenza il cinquantennale del Golpe che stravolse la sua vita e cambi\u00f2 la storia del suo Paese.<\/strong><\/p>\n<p>Il video (link) \u00e8 la testimonianza di Rodrigo Rivas, figlio di un esule catalano ex membro del governo di Unidad Popular, del Golpe fascista attuato del generale Augusto Pinochet contro il Presidente Salvador Allende che stravolse la sua vita e lo costrinse ad andare esule in Italia.<\/p>\n<p>Rodrigo \u00e8 stato ospite in presenza nel nostro Istituto purtroppo per la prima e unica volta nell&#8217;autunno del 2019 per spiegarci le ragioni e la situazione che stava vivendo il suo Paese a seguito dell&#8217;Estallito social, la protesta innescata dagli studenti a causa dell&#8217;aumento del costo del trasporto urbano e ben presto trasformatasi in sollevazione popolare contro l&#8217;ingiusto sistema economico neoliberista che fu introdotto proprio durante la dittatura di Pinochet nel 1975 e che si \u00e8 mantenuto anche nei 30 anni successivi di transizione alla democrazia.<\/p>\n<p>Il motto delle oceaniche manifestazioni che hanno scosso il sonnolento Cile per diversi mesi sino allo scoppio della pandemia, infatti, era proprio &#8220;non per 30 centesimi ma per 30 anni&#8221; a testimonianza del fatto che la transizione a un sistema democratico compiuto dopo 30 anni esatti dalla fine della dittatura ancora non si era concluso, in quanto la costituzione fatta approvare da Pinochet nel 1980 \u00e8 ancora in vigore con il suo feroce impianto neoliberista che ha comportato la privatizzazione di tutte le principali risorse nazionali, rame per primo di cui il Cile \u00e8 il principale esportatore mondiale, e dello stato sociale come pensioni, sanit\u00e0 e istruzione che hanno enormemente impoverito la gran parte della popolazione a vantaggio dell&#8217;oligarchia interna e delle multinazionali. Per fotografare la situazione sociale ed economica del Cile Rodrigo utilizz\u00f2 la seguente affermazione che mi colp\u00ec molto: &#8220;il Cile \u00e8 un Paese ricco, infatti ha il secondo Pil procapite dell&#8217;America Latina, ma i cileni sono poveri&#8221;.<\/p>\n<p>\u00a0<\/p>\n<p>Ritornando al periodo del Colpo di Stato messo in atto da parte dei militari guidati dal generale Augusto Pinochet l\u201911 Settembre 1973 come raccontato nel video, Rodrigo in quel periodo era molto impegnato nell&#8217;attivit\u00e0 di governo in varie parti del Paese e non sempre dormiva a casa, ma quel giorno invece era nella sua abituazione e fu svegliato alle 6:00 del mattino dagli aerei che sganciavano le bombe sulla Moneda, il palazzo presidenziale. Alle 7.30 Rodrigo usc\u00ec di casa; non vi far\u00e0 pi\u00f9 ritorno perch\u00e9 braccato dai militari.<\/p>\n<p>Allende muore nella Moneda assediata e Pinochet assume il comando del Paese. In tempi brevi Pinochetconsegna le miniere alle multinazionali, soprattutto statunitensi e canadesi, consegna tutte le fabbriche a privati e consegna ai suoi parenti giacimenti di minerali che fino a ora non venivano sfruttati. In Cile vengono torturati e assassinati dai militari di Pinochet sindacalisti, contadini, studenti e semplici sostenitori della sinistra.<\/p>\n<p>Per Rodrigo questi sono eventi molto dolorosi che lo hanno profondamente turbato tant&#8217;\u00e8 che la prima volta in cui si \u00e8 sentito finalmente in condizioni di parlarne in pubblico dal 1973 \u00e8 stato proprio nel nostro Istituto, l&#8217;Ite Pacinotti, nel 2019, e noi studenti siamo stati molto contenti di aver avuto questo privilegio.<\/p>\n<p>Rodrigo si inoltre dimostrato sempre molto disponibile verso noi studenti del Pacinotti, tant&#8217;\u00e8 che ha tenuto molte lezioni su vari argomenti relativi al suo Paese e all&#8217;America Latina in generale in videoconferenza perch\u00e9 non \u00e8 stato pi\u00f9 invitato di persona e ha tenuto anche un interessantissimo e molto utile corso di giornalismo, essendo anche un affermato giornalista professionista, con laboratorio partecipato.<\/p>\n<p>Noi studenti, ed io in particolare, siamo molto riconoscenti a Rodrigo per tutto quello che ci ha insegnato e ha fatto per la nostra formazione culturale e professionale, senza mai percepire alcun compenso neppure per le spese di viaggio quando \u00e8 venuto da noi la prima volta nel 2019 da Citt\u00e0 di Castelllo in Umbria dove abita.<\/p>\n<p>Emiliano Barsotti<\/p>\n<p>La video registrazione della testimonianza nei 50 anni dal Golpe di Rodrigo Rivas a Milano il 10 settembre 2023<\/p>\n<p><iframe loading=\"lazy\" title=\"La testimonianza di Rodrigo Andrea Rivas sul golpe fascista in Cile\" width=\"500\" height=\"281\" src=\"https:\/\/www.youtube.com\/embed\/nmbm9zFrnTk?feature=oembed\" frameborder=\"0\" allow=\"accelerometer; autoplay; clipboard-write; encrypted-media; gyroscope; picture-in-picture; web-share\" referrerpolicy=\"strict-origin-when-cross-origin\" allowfullscreen><\/iframe><\/p>\n<p>\u00a0<\/p>\n<p>\u00a0<\/p>\n<p><strong>Articoli realizzati dagli studenti grazie agli incontri con Rodrigo Rivas<\/strong><\/p>\n<p>\u00b7\u00a0\u00a0\u00a0\u00a0\u00a0\u00a0\u00a0\u00a0 Incontro con Rodrigo Rivas, uno sguardo sull\u2019America Latina di Fabrizio Cioppi <br \/>https:\/\/www.rapsodiaonline.it\/?p=6942<\/p>\n<p>\u00b7\u00a0\u00a0\u00a0\u00a0\u00a0\u00a0\u00a0\u00a0 Il Golpe Soave ai danni di Dilma Riussef di Davide Filippeschi<br \/>https:\/\/www.rapsodiaonline.it\/?p=6938<\/p>\n<p>\u00b7\u00a0\u00a0\u00a0\u00a0\u00a0\u00a0\u00a0\u00a0 30 ottobre Brasile al ballottaggio: ritorna Lula o si conferma Bolsonaro, con lo spettro del golpe che si ripresenta di Emiliano Barsotti<br \/>https:\/\/www.rapsodiaonline.it\/?p=6641<\/p>\n<p>\u00b7\u00a0\u00a0\u00a0\u00a0\u00a0\u00a0\u00a0\u00a0 Cile 11 marzo: emerso dalle proteste popolari, si insedia il governo Boric di Emiliano Barsotti https:\/\/www.rapsodiaonline.it\/?p=5220<\/p>\n<p>\u00b7\u00a0\u00a0\u00a0\u00a0\u00a0\u00a0\u00a0\u00a0 Progetto Contemporanea..mente \u2013 Laboratorio di giornalismo partecipato: primo incontro con il professor Rivas (mercoled\u00ec 3 febbraio) di Matilde Rindi (Liceo Carducci)<br \/>https:\/\/www.rapsodiaonline.it\/?p=4763<\/p>\n<p>\u00b7\u00a0\u00a0\u00a0\u00a0\u00a0\u00a0\u00a0\u00a0 Gli studenti intervistano l\u2019intellettuale cileno Rodrigo Rivas \u2013 Attivit\u00e0 di giornalismo partecipato a cura Tobia Fabeni e Emy Sargentini<br \/>https:\/\/www.rapsodiaonline.it\/?p=4761<\/p>\n<p>\u00b7\u00a0\u00a0\u00a0\u00a0\u00a0\u00a0\u00a0\u00a0 Breve biografia di Rodrigo Rivas, intellettuale cileno, esule figlio di esuli che ha trovato la sua seconda patria in Italia di Emiliano Barsotti<br \/>https:\/\/www.rapsodiaonline.it\/?p=4758<\/p>\n<p>\u00b7\u00a0\u00a0\u00a0\u00a0\u00a0\u00a0\u00a0\u00a0 L\u2019odierna situazione dell\u2019America latina. Incontro con l\u2019intellettuale cileno Rodrigo Rivas di Emiliano Barsotti<\/p>\n<p><blockquote class=\"wp-embedded-content\" data-secret=\"tCNpRZzSjL\"><a href=\"https:\/\/www.rapsodiaonline.it\/?p=4674\">L\u2019odierna situazione dell\u2019America latina. Incontro con l&#8217;intellettuale cileno Rodrigo Rivas<\/a><\/blockquote><iframe loading=\"lazy\" class=\"wp-embedded-content\" sandbox=\"allow-scripts\" security=\"restricted\" style=\"position: absolute; visibility: hidden;\" title=\"&#8220;L\u2019odierna situazione dell\u2019America latina. Incontro con l&#8217;intellettuale cileno Rodrigo Rivas&#8221; &#8212; Rapsodia online\" src=\"https:\/\/www.rapsodiaonline.it\/?p=4674&#038;embed=true#?secret=Hr6tyAvSjB#?secret=tCNpRZzSjL\" data-secret=\"tCNpRZzSjL\" width=\"500\" height=\"282\" frameborder=\"0\" marginwidth=\"0\" marginheight=\"0\" scrolling=\"no\"><\/iframe><\/p>\n<p>\u00b7\u00a0\u00a0\u00a0\u00a0\u00a0\u00a0\u00a0\u00a0 Incontro con Rodrigo Rivas di Sophia Coglianese<br \/>https:\/\/www.rapsodiaonline.it\/?p=4669<\/p>\n<p>\u00b7\u00a0\u00a0\u00a0\u00a0\u00a0\u00a0\u00a0\u00a0 Il laboratorio di giornalismo con i documenti realizzati da Rodrigo Rivas e le videoregistrazioni delle sue lezioni<\/p>\n<p><blockquote class=\"wp-embedded-content\" data-secret=\"uisggb9mVl\"><a href=\"https:\/\/www.rapsodiaonline.it\/?page_id=51\">Il laboratorio di giornalismo<\/a><\/blockquote><iframe loading=\"lazy\" class=\"wp-embedded-content\" sandbox=\"allow-scripts\" security=\"restricted\" style=\"position: absolute; visibility: hidden;\" title=\"&#8220;Il laboratorio di giornalismo&#8221; &#8212; Rapsodia online\" src=\"https:\/\/www.rapsodiaonline.it\/?page_id=51&#038;embed=true#?secret=EgjUAQlYp7#?secret=uisggb9mVl\" data-secret=\"uisggb9mVl\" width=\"500\" height=\"282\" frameborder=\"0\" marginwidth=\"0\" marginheight=\"0\" scrolling=\"no\"><\/iframe><\/p>\n","protected":false},"excerpt":{"rendered":"<p>L&#8217;intellettuale di origine cilena, che pi\u00f9 volte ha tenuto lezioni al Pacinotti, ricorda in questa conferenza il cinquantennale del Golpe che stravolse la sua vita e cambi\u00f2 la storia del suo Paese. Il video (link) \u00e8 la testimonianza di Rodrigo Rivas, figlio di un esule catalano ex membro del governo di Unidad Popular, del Golpe [&hellip;]<\/p>\n","protected":false},"author":1,"featured_media":7012,"comment_status":"open","ping_status":"open","sticky":false,"template":"","format":"standard","meta":{"_genesis_hide_title":false,"_genesis_hide_breadcrumbs":false,"_genesis_hide_singular_image":false,"_genesis_hide_footer_widgets":false,"_genesis_custom_body_class":"","_genesis_custom_post_class":"","_genesis_layout":"","footnotes":""},"categories":[34],"tags":[],"class_list":{"0":"post-7009","1":"post","2":"type-post","3":"status-publish","4":"format-standard","5":"has-post-thumbnail","7":"category-focus_dx","8":"entry"},"_links":{"self":[{"href":"http:\/\/www.rapsodiaonline.it\/index.php?rest_route=\/wp\/v2\/posts\/7009","targetHints":{"allow":["GET"]}}],"collection":[{"href":"http:\/\/www.rapsodiaonline.it\/index.php?rest_route=\/wp\/v2\/posts"}],"about":[{"href":"http:\/\/www.rapsodiaonline.it\/index.php?rest_route=\/wp\/v2\/types\/post"}],"author":[{"embeddable":true,"href":"http:\/\/www.rapsodiaonline.it\/index.php?rest_route=\/wp\/v2\/users\/1"}],"replies":[{"embeddable":true,"href":"http:\/\/www.rapsodiaonline.it\/index.php?rest_route=%2Fwp%2Fv2%2Fcomments&post=7009"}],"version-history":[{"count":2,"href":"http:\/\/www.rapsodiaonline.it\/index.php?rest_route=\/wp\/v2\/posts\/7009\/revisions"}],"predecessor-version":[{"id":7011,"href":"http:\/\/www.rapsodiaonline.it\/index.php?rest_route=\/wp\/v2\/posts\/7009\/revisions\/7011"}],"wp:featuredmedia":[{"embeddable":true,"href":"http:\/\/www.rapsodiaonline.it\/index.php?rest_route=\/wp\/v2\/media\/7012"}],"wp:attachment":[{"href":"http:\/\/www.rapsodiaonline.it\/index.php?rest_route=%2Fwp%2Fv2%2Fmedia&parent=7009"}],"wp:term":[{"taxonomy":"category","embeddable":true,"href":"http:\/\/www.rapsodiaonline.it\/index.php?rest_route=%2Fwp%2Fv2%2Fcategories&post=7009"},{"taxonomy":"post_tag","embeddable":true,"href":"http:\/\/www.rapsodiaonline.it\/index.php?rest_route=%2Fwp%2Fv2%2Ftags&post=7009"}],"curies":[{"name":"wp","href":"https:\/\/api.w.org\/{rel}","templated":true}]}}