{"id":6959,"date":"2023-09-06T13:43:34","date_gmt":"2023-09-06T13:43:34","guid":{"rendered":"http:\/\/www.rapsodiaonline.it\/?p=6959"},"modified":"2023-09-06T13:43:36","modified_gmt":"2023-09-06T13:43:36","slug":"ritorna-il-pisa-book-festival-edizione-2023","status":"publish","type":"post","link":"http:\/\/www.rapsodiaonline.it\/?p=6959","title":{"rendered":"Ritorna il Pisa Book Festival &#8211; edizione 2023"},"content":{"rendered":"\n<p>Come annunciato nella conferenza stampa di venerd\u00ec 1\u00b0 settembre, svoltasi nella Sala delle Baleari del Comune di Pisa, il <em>Pisa Book Festival<\/em> ritorna per quattro giorni, dal 28 settembre al 1\u00b0 ottobre, presso gli Arsenali repubblicani, e non solo.<\/p>\n<p>Per la XXI edizione della fiera dell\u2019editoria, dedicata quest&#8217;anno alle donne di tutto il mondo, saranno l\u2019universo femminile e la storia i temi principali.<\/p>\n<p>Al salone si avr\u00e0 l\u2019occasione di conoscere la produzione di pi\u00f9 di 70 case editrici indipendenti provenienti da tutta Italia, molte delle quali ormai storiche per il Festival, e sono in programma svariati eventi e incontri con numerosissime ospiti, tra cui la toscanissima attrice Chiara Francini con il suo \u201cForte e Chiara\u201d e la poetessa Vivian Lamarque con la sua ultima raccolta \u201cL\u2019amore da vecchia\u201d.<\/p>\n<p>&#8220;Dirigere il Pisa Book Festival \u00e8 un privilegio ma anche una grande sfida. Tuttavia con una squadra a cinque stelle si pu\u00f2 arrivare ovunque e noi siamo riusciti con questa manifestazione a dare a Pisa un ruolo importante come citt\u00e0 del libro, creando allo stesso tempo un Festival allegro e pieno di incontri interessanti per tutti&#8221; ha dichiarato Lucia Della Porta, fondatrice e direttrice del Pisa Book Festival, in apertura della conferenza stampa.<\/p>\n<p>Nel presentare il programma, Lucia Della Porta ha annunciato le novit\u00e0 di quest\u2019anno: l\u2019anteprima al Royal Victoria Hotel il 27 settembre con \u201cToscana delle donne\u201d, prima tappa della rassegna &#8220;Animae Loci&#8221; curata da Nottola di Minerva, e il ciclo di lezioni di storia, che si terr\u00e0 al Museo di Palazzo Reale. Primo appuntamento di \u201cAnimae Loci\u201d sar\u00e0 \u201cCurtatone e Montanara, combattere e morire nel Risorgimento&#8221;, tenuto da Carmine Pinto venerd\u00ec 28 settembre alle ore 18. Sempre alle ore 18, sabato 30 settembre, si avr\u00e0 la lezione su \u201cFrancis Drake, un corsaro alla fine del mondo\u201d con David Salomoni; con Arnaldo Marcone sar\u00e0 possibile approfondire, domenica 1\u00b0 ottobre alle ore 16, \u201cGli ultimi giorni dell\u2019impero romano\u201d.<\/p>\n<p>Si prospetta dunque un\u2019edizione ricca di iniziative e di eventi che sapranno suscitare la curiosit\u00e0 di ogni lettore.<\/p>\n<p>Come redazione di <em>Rapsodiaonline<\/em>, in collaborazione con <em>La Nazione <\/em>e con il gruppo stampa del Festival, condivideremo eventi e attivit\u00e0 sul nostro sito e su Instagram; leggete i nostri articoli, le nostre interviste ma soprattutto venite a vivere insieme a noi l\u2019esperienza del Festival.<\/p>\n<p>Vi aspettiamo!<\/p>\n<p>Aurora Bellagamba (classe 5B &#8211; liceo classico)<\/p>\n","protected":false},"excerpt":{"rendered":"<p>Come annunciato nella conferenza stampa di venerd\u00ec 1\u00b0 settembre, svoltasi nella Sala delle Baleari del Comune di Pisa, il Pisa Book Festival ritorna per quattro giorni, dal 28 settembre al 1\u00b0 ottobre, presso gli Arsenali repubblicani, e non solo. Per la XXI edizione della fiera dell\u2019editoria, dedicata quest&#8217;anno alle donne di tutto il mondo, saranno [&hellip;]<\/p>\n","protected":false},"author":1,"featured_media":6960,"comment_status":"open","ping_status":"open","sticky":false,"template":"","format":"standard","meta":{"_genesis_hide_title":false,"_genesis_hide_breadcrumbs":false,"_genesis_hide_singular_image":false,"_genesis_hide_footer_widgets":false,"_genesis_custom_body_class":"","_genesis_custom_post_class":"","_genesis_layout":"","footnotes":""},"categories":[3],"tags":[],"class_list":{"0":"post-6959","1":"post","2":"type-post","3":"status-publish","4":"format-standard","5":"has-post-thumbnail","7":"category-in-primo-piano","8":"entry"},"_links":{"self":[{"href":"http:\/\/www.rapsodiaonline.it\/index.php?rest_route=\/wp\/v2\/posts\/6959","targetHints":{"allow":["GET"]}}],"collection":[{"href":"http:\/\/www.rapsodiaonline.it\/index.php?rest_route=\/wp\/v2\/posts"}],"about":[{"href":"http:\/\/www.rapsodiaonline.it\/index.php?rest_route=\/wp\/v2\/types\/post"}],"author":[{"embeddable":true,"href":"http:\/\/www.rapsodiaonline.it\/index.php?rest_route=\/wp\/v2\/users\/1"}],"replies":[{"embeddable":true,"href":"http:\/\/www.rapsodiaonline.it\/index.php?rest_route=%2Fwp%2Fv2%2Fcomments&post=6959"}],"version-history":[{"count":1,"href":"http:\/\/www.rapsodiaonline.it\/index.php?rest_route=\/wp\/v2\/posts\/6959\/revisions"}],"predecessor-version":[{"id":6961,"href":"http:\/\/www.rapsodiaonline.it\/index.php?rest_route=\/wp\/v2\/posts\/6959\/revisions\/6961"}],"wp:featuredmedia":[{"embeddable":true,"href":"http:\/\/www.rapsodiaonline.it\/index.php?rest_route=\/wp\/v2\/media\/6960"}],"wp:attachment":[{"href":"http:\/\/www.rapsodiaonline.it\/index.php?rest_route=%2Fwp%2Fv2%2Fmedia&parent=6959"}],"wp:term":[{"taxonomy":"category","embeddable":true,"href":"http:\/\/www.rapsodiaonline.it\/index.php?rest_route=%2Fwp%2Fv2%2Fcategories&post=6959"},{"taxonomy":"post_tag","embeddable":true,"href":"http:\/\/www.rapsodiaonline.it\/index.php?rest_route=%2Fwp%2Fv2%2Ftags&post=6959"}],"curies":[{"name":"wp","href":"https:\/\/api.w.org\/{rel}","templated":true}]}}