{"id":6942,"date":"2023-06-08T15:42:24","date_gmt":"2023-06-08T15:42:24","guid":{"rendered":"http:\/\/www.rapsodiaonline.it\/?p=6942"},"modified":"2023-06-08T15:42:26","modified_gmt":"2023-06-08T15:42:26","slug":"incontro-con-rodrigo-rivas-uno-sguardo-sullamerica-latina","status":"publish","type":"post","link":"http:\/\/www.rapsodiaonline.it\/?p=6942","title":{"rendered":"Incontro con Rodrigo Rivas, uno sguardo sull\u2019America Latina"},"content":{"rendered":"\n<p>Rodrigo Andrea Rivas \u00e8 nato a Santiago del Cile il 18 aprile 1947; \u00e8 stato presidente della Federazione degli studenti nel 1970, anno nel quale ha anche ottenuto la Laurea in Scienze politiche nell&#8217;Universit\u00e0 del Cile. Successivamente ha occupato diversi incarichi politici e amministrativi dal 1971 al 1973<br \/>Da 1974 \u00e8 esule in Italia, dove \u00e8 stato redattore per Mazzotta editore a Milano dal 1974 al 1980.<\/p>\n<p>Rodrigo fa parte di una famiglia dove, in base a scelte politiche e culturali, ognuno prende strade diverse. I suoi genitori mettono al mondo otto figli e sei di questi, tra cui lui, lasciano il Cile per vari motivi, mentre due restano nel Paese di prini. Dei cugini materni sappiamo che, purtroppo, cinque o sei di loro sono morti durante i primi tre anni della dittatura di Pinochet (1973-90).<\/p>\n<p>\u00a0<\/p>\n<p style=\"text-align: center;\"><strong>Un accenno alla colonizzazione<\/strong><\/p>\n<p>Papa Alessandro VI Borgia impone alle potenze coloniali Portogallo e Spagna una suddivisione dei territori con la Bolla Inter Coetra del 1493, favorendo la Spagna poich\u00e9 era la sua Madre Patria. Nel 1494, con il trattato di Tordesillas, la <em>raja<\/em> (linea) stabilita con la bolla Inter Coetra viene spostata verso occidente: la parte ad est della <em>raja<\/em> spettava al Portogallo, quella ad ovest alla Spagna. Con questa decisione, il Portogallo si impossessa del Brasile, che comprende un territorio molto esteso e ricco di risorse naturali, grande circa 30 volte l\u2019Italia. Nelle colonie si svilupparono grandi piantagioni di canna da zucchero, un prodotto pregiato. Erano presenti inoltre numerose miniere; i minerali pi\u00f9 ricercati erano l\u2019oro e l\u2019argento<\/p>\n<p>Gli USA sono stati il primo Paese a dichiarare l\u2019indipendenza nel continente americano (1776), mentre Haiti \u00e8 stato il primo in America Latina a svincolarsi dal giogo coloniale (1804) e ad abolire la schiavit\u00f9 (1972), sotto la guida di Toussaint Louverture, il capo della rivoluzione. Tuttavia, questo Paese \u00e8 tristemente noto anche per avere il PIL pi\u00f9 basso e le peggiori condizioni sociali in America. Questo primato negativo \u00e8 causato dalla presenza in passato di pesanti debiti che imposti dalla Francia al momento dell&#8217;indipendenza l&#8217;hanno gravata fino alla met\u00e0 del &#8216;900. Nell\u2019Ibero-America, all&#8217;inizio dell&#8217;800 si accendono due fuochi principali per la rivoluzione: Simon Bolivar, conosciuto come \u201cEl Libertador\u201d fonda la Grande Colombia (carta 1), che comprende i territori attuali di Ecuador, Venezuela, Colombia e Panama; e Jose de San Martin, che impone l\u2019indipendenza al Per\u00f9. Nel 1821, Augustin dichiara l\u2019indipendenza del Messico, che diventa un Impero comprendendo anche i Paesi dell\u2019istmo Centroamericano.<\/p>\n<p>\u00a0<\/p>\n<p style=\"text-align: center;\"><strong>L&#8217;America Latina oggi<\/strong><\/p>\n<p>L\u2019America Latina o Ibero-America \u00e8 una macroregione del continente americano. Comprende 33 Stati e si estende dal Messico fino alla Terra del Fuoco, il luogo pi\u00f9 meridionale del continente. Ha una popolazione di circa 650 milioni di persone, le lingue pi\u00f9 diffuse sono lo spagnolo e il portoghese, nonostante esistano numerosi dialetti locali e lingue anche delle popolazioni amerindie. La religione pi\u00f9 diffusa \u00e8 il Cattolicesimo. In America Latina, e soprattutto in Cile, sono presenti numerose popolazioni che si sono fuse tra loro nel corso degli anni formando quindi il cosiddetto \u201cMelting Pot\u201d. Tra i popoli immigranti, troviamo anche gli italiani, che si concentrano nella capitale argentina di Buenos Aires e a San Paolo del Brasile, dove ne sono registrati circa 5 milioni proveniente dal nostro Paese.<\/p>\n<p>In conclusione, la storia dell&#8217;America Latina \u00e8 stata plasmata da una complessa intersezione di fattori etnici, sociali, politici ed economici. Attraverso secoli di cambiamenti e sfide, la regione ha affrontato processi di colonizzazione, lotta per l&#8217;indipendenza, instabilit\u00e0 politica, conflitti sociali e un certo grado sviluppo economico. L&#8217;eredit\u00e0 delle diverse culture indigene, degli imperi coloniali e delle lotte per l&#8217;uguaglianza ha contribuito a definire l&#8217;identit\u00e0 latinoamericana.<\/p>\n<p>Nonostante le difficolt\u00e0 sociali e le disuguaglianze persistenti, l&#8217;America Latina ha dimostrato una resilienza straordinaria contro i fenomeni avversi che l&#8217;hanno afflitta nei secoli: dalla colonizzazione alla schiavit\u00f9, dalle dittature militari alle ingiustizie sociali.<\/p>\n<p>Oggi, mentre guarda al futuro all&#8217;alba di una nuova stagione di governi progressisti sancita dal ritorno di Lula alla presidenza del Brasile, l&#8217;America Latina si impegna a promuovere la stabilit\u00e0 politica, l&#8217;integrazione regionale, il progresso economico e la lotta alle criticit\u00e0 sociali, con l&#8217;obiettivo di costruire una societ\u00e0 pi\u00f9 equa e inclusiva per tutte le sue popolazioni.<\/p>\n<p><img loading=\"lazy\" decoding=\"async\" class=\"size-medium wp-image-6943 aligncenter\" src=\"http:\/\/www.rapsodiaonline.it\/wp-content\/uploads\/2023\/06\/Carta-Grande-Colombia-300x241.jpg\" alt=\"\" width=\"300\" height=\"241\" srcset=\"http:\/\/www.rapsodiaonline.it\/wp-content\/uploads\/2023\/06\/Carta-Grande-Colombia-300x241.jpg 300w, http:\/\/www.rapsodiaonline.it\/wp-content\/uploads\/2023\/06\/Carta-Grande-Colombia.jpg 449w\" sizes=\"auto, (max-width: 300px) 100vw, 300px\" \/><\/p>\n<p style=\"text-align: center;\">Carta 1: la Grande Colombia (1919-1931) voluta da Simon Bolivar<\/p>\n<p>Fabrizio Cioppi (classe 2A Afm &#8211; ITE)<\/p>\n<p>Progetto Contemporanea..mente, attivit\u00e0 di restituzione dell&#8217;incontro con l&#8217;intellettuale cileno Rodrigo Rivas<\/p>\n","protected":false},"excerpt":{"rendered":"<p>Rodrigo Andrea Rivas \u00e8 nato a Santiago del Cile il 18 aprile 1947; \u00e8 stato presidente della Federazione degli studenti nel 1970, anno nel quale ha anche ottenuto la Laurea in Scienze politiche nell&#8217;Universit\u00e0 del Cile. Successivamente ha occupato diversi incarichi politici e amministrativi dal 1971 al 1973Da 1974 \u00e8 esule in Italia, dove \u00e8 [&hellip;]<\/p>\n","protected":false},"author":1,"featured_media":6943,"comment_status":"open","ping_status":"open","sticky":false,"template":"","format":"standard","meta":{"_genesis_hide_title":false,"_genesis_hide_breadcrumbs":false,"_genesis_hide_singular_image":false,"_genesis_hide_footer_widgets":false,"_genesis_custom_body_class":"","_genesis_custom_post_class":"","_genesis_layout":"","footnotes":""},"categories":[34],"tags":[],"class_list":{"0":"post-6942","1":"post","2":"type-post","3":"status-publish","4":"format-standard","5":"has-post-thumbnail","7":"category-focus_dx","8":"entry"},"_links":{"self":[{"href":"http:\/\/www.rapsodiaonline.it\/index.php?rest_route=\/wp\/v2\/posts\/6942","targetHints":{"allow":["GET"]}}],"collection":[{"href":"http:\/\/www.rapsodiaonline.it\/index.php?rest_route=\/wp\/v2\/posts"}],"about":[{"href":"http:\/\/www.rapsodiaonline.it\/index.php?rest_route=\/wp\/v2\/types\/post"}],"author":[{"embeddable":true,"href":"http:\/\/www.rapsodiaonline.it\/index.php?rest_route=\/wp\/v2\/users\/1"}],"replies":[{"embeddable":true,"href":"http:\/\/www.rapsodiaonline.it\/index.php?rest_route=%2Fwp%2Fv2%2Fcomments&post=6942"}],"version-history":[{"count":1,"href":"http:\/\/www.rapsodiaonline.it\/index.php?rest_route=\/wp\/v2\/posts\/6942\/revisions"}],"predecessor-version":[{"id":6944,"href":"http:\/\/www.rapsodiaonline.it\/index.php?rest_route=\/wp\/v2\/posts\/6942\/revisions\/6944"}],"wp:featuredmedia":[{"embeddable":true,"href":"http:\/\/www.rapsodiaonline.it\/index.php?rest_route=\/wp\/v2\/media\/6943"}],"wp:attachment":[{"href":"http:\/\/www.rapsodiaonline.it\/index.php?rest_route=%2Fwp%2Fv2%2Fmedia&parent=6942"}],"wp:term":[{"taxonomy":"category","embeddable":true,"href":"http:\/\/www.rapsodiaonline.it\/index.php?rest_route=%2Fwp%2Fv2%2Fcategories&post=6942"},{"taxonomy":"post_tag","embeddable":true,"href":"http:\/\/www.rapsodiaonline.it\/index.php?rest_route=%2Fwp%2Fv2%2Ftags&post=6942"}],"curies":[{"name":"wp","href":"https:\/\/api.w.org\/{rel}","templated":true}]}}