{"id":6938,"date":"2023-06-08T15:35:36","date_gmt":"2023-06-08T15:35:36","guid":{"rendered":"http:\/\/www.rapsodiaonline.it\/?p=6938"},"modified":"2023-06-08T15:36:27","modified_gmt":"2023-06-08T15:36:27","slug":"il-golpe-soave-ai-danni-di-dilma-riussef","status":"publish","type":"post","link":"http:\/\/www.rapsodiaonline.it\/?p=6938","title":{"rendered":"Il Golpe Soave ai danni di Dilma Riussef"},"content":{"rendered":"\n<p style=\"text-align: center;\"><strong>Cosa ha portato al Golpe?<\/strong><\/p>\n<p><br \/>Come sappiamo nel 2016 la Presidente Dilma Rousseff \u00e8 stata deposta dalla presidenza tramite una procedura di impeachment, una messa in stato di accusa di una persona che detiene una carica pubblica ritenuta colpevole di azioni illecite nell&#8217;esercizio delle proprie funzioni allo scopo di provocarne la destituzione.<\/p>\n<p>La procedura di impeachment \u00e8 stata avviata dall&#8217;ex presidente del congresso Eduardo Cunha, al tempo appartenente al Partito del Movimento Democratico Brasiliano (PMDB), all&#8217;epoca &#8220;alleato&#8221; politico della Rousseff. Infatti Cunha, dopo numerose minacce alla Presidente, diede corda alle richieste da parte della destra brasiliana, facendo cascare la prima tessera di un domino che ha portato pi\u00f9 avanti Bolsonaro alla presidenza.<\/p>\n<p>\u00a0<\/p>\n<p style=\"text-align: center;\"><strong>Il Golpe<\/strong><\/p>\n<p>La procedura di impeachment si bas\u00f2 su alcuni presunti illeciti:<\/p>\n<ul>\n<li>una non comprovata irregolarit\u00e0 di alcune manovre fiscali con cui il suo governo avrebbe coperto buchi di bilancio tra 2014 e 2015.<\/li>\n<li>intercettazioni &#8220;incriminanti&#8221; nello scandalo Petrobras, l&#8217;azienda petrolifera di Stato, che riguardavano sia l&#8217;ex Presidente Rousseff che l&#8217;attuale presidente Lula, rese pubbliche illegalmente dal giudice Sergio Moro, diventato poi ministro della giustizia con Bolsonaro;<\/li>\n<li>l&#8217;accusa di aver nominato Lula ministro della casa civile per garantirgli l&#8217;immunit\u00e0.<\/li>\n<\/ul>\n<p>\u00a0<\/p>\n<p>Tutte ragioni immediatamente definite inconsistenti dalla Rousseff.<\/p>\n<p>Tuttavia nell&#8217;aprile del 2016 la Camera dei deputati vot\u00f2 a favore della procedura di impeachment, decisione che fu confermata poi dal Senato che inizialmente sospese la Rousseff per sei mesi,\u00a0 rimpiazzata ad interim dal suo vice-presidente Michel Temer, anch&#8217;egli del Partito del Movimento Democratico Brasiliano. Successivamente, il 31 agosto dello stesso anno, il Senato approv\u00f2 la sua destituzione, a quel punto, invece di andare a nuove elezioni, a seguito di accordi tra la destra e il centrodestra con a capo Temer, viene compiuto un vero e proprio ribaltamento dell&#8217;esito elettorale, facendo subentrare definitivamente un nuovo governo sostenuto dalla destra con Temer presidente.<\/p>\n<p>Molto importante da notare \u00e8 il fatto che 74 politici brasiliani, di cui 8 ministri, 3 governatori, 24 senatori e 39 deputati furono indagati per corruzione, tra cui anche Eduardo Cunha, arrestato per riciclaggio di denaro e corruzione. Nascondeva 5 conti correnti in Svizzera con un valore di circa 5 milioni, di cui alcuni provenienti dallo scandalo Petrobras. Quasi scontato l&#8217;appoggio statunitense al golpe che con un Brasile e un Sud-America sempre pi\u00f9 autonomo nel decennio precedente, cerca di porre fine alla stagione dei \u00a0governi progressisti, mettendo al potere governi conservatori e filo statunitensi.<\/p>\n<p>A Temer, una volta portato a termine il mandato presidenziale usurpato, il 1 gennaio 2019, succede Jair Bolsonaro, candidato di estrema destra, il quale verr\u00e0 tuttavia sconfitto alle successive elezioni da Lula che tornando dal 1 gennaio 2023 al &#8220;Palazzo di Pian Alto&#8221; riporter\u00e0 il Paese alla democrazia.<\/p>\n<p>\u00a0<\/p>\n<p style=\"text-align: center;\"><strong>Rodrigo Rivas<\/strong><\/p>\n<p>Chi \u00e8 Rodrigo Rivas?<\/p>\n<p>Rodrigo Rivas \u00e8 figlio di un esule catalano. Suo nonno, essendo antifascista, nel 1939, al termine della Guerra civile spagnola (che termin\u00f2 con la vittoria di Francisco Franco) si trasfer\u00ec in Cile, a Santiago.<br \/>Rodrigo possiede una famiglia molto numerosa, 7 fratelli e sorelle, con tutti che prendono strade diverse tra loro. Rodrigo si laurea a 23 anni nella facolt\u00e0 di Scienze Politiche e, durante gli studi, fa la conoscenza del presidente di allora Allende che lo nominer\u00e0 suo consulente personale per i giovani e gli studenti.<\/p>\n<p>Subito dopo la sua elezione a Deputato nella primavera del 1973, l&#8217;11 settembre dello stesso anno avviene un colpo di stato da parte dei militari, guidato dal generale Pinochet, ministro della Difesa di Allende.<\/p>\n<p>Allende muore durante il bombardamento della Moneda, il palazzo presidenziale, e come tutte le persone vicine a lui, Rivas viene braccato dall&#8217;esercito e dalla polizia, cosa che porter\u00e0 alla morte del padre e all&#8217;abbandono da parte di Rivas del Cile, dopo essersi rifugiato nell&#8217;ambasciata del nostro Paese. In Italia, ottiene asilo politico e si stabilisce a Milano e successivamente in Umbria.<\/p>\n<p>\u00a0<\/p>\n<p>Incontro con Rodrigo<\/p>\n<p>Durante l&#8217;incontro Rodrigo spiega, come gi\u00e0 anticipato dal professor Andrea Vento, che l&#8217;America Latina o Ibero America, definita cos\u00ec per via della lingua e delle colonizzatori, \u00e8 un territorio esteso dal Messico fino alla terra del fuoco. Lo spagnolo \u00e8 la seconda lingua madre pi\u00f9 parlata al mondo (dopo il mandarino cinese). La religione \u00e8 per la maggioranza cattolica, importata dal territorio europeo dai colonizzatori. La colonizzazione da parte dei portoghesi e degli spagnoli dell&#8217;America Latina ottenne l&#8217;approvazione anche dalla Chiesa che cos\u00ec riusc\u00ec ad arrivare a nuove persone e conquistare nuovi fedeli.<\/p>\n<p>Per evitare conflitti tra due potenze cattoliche il 4 Maggio 1493, venne emesso un editto voluto da Papa Alessandro VI, che divideva tramite una riga\/meridiano, (in spagnolo: <em>raya<\/em>; in portoghese: <em>raia<\/em>), il pianeta in due parti, le terre a est di questa linea appartenevano al Portogallo, quelle a ovest alla Spagna.<br \/>Ovviamente il papa favor\u00ec la sua madrepatria (Spagna), concedendogli pi\u00f9 territorio, cosa che port\u00f2 un anno dopo, pi\u00f9 precisamente il 7 Giugno 1494, dopo le lamentele da parte dei portoghesi, a una modifica della raya tramite un nuovo trattato, il Trattato di Tordesillas (figura 1).<\/p>\n<p><img loading=\"lazy\" decoding=\"async\" class=\"size-medium wp-image-6939 aligncenter\" src=\"http:\/\/www.rapsodiaonline.it\/wp-content\/uploads\/2023\/06\/Spartizione-territori-300x164.jpg\" alt=\"\" width=\"300\" height=\"164\" srcset=\"http:\/\/www.rapsodiaonline.it\/wp-content\/uploads\/2023\/06\/Spartizione-territori-300x164.jpg 300w, http:\/\/www.rapsodiaonline.it\/wp-content\/uploads\/2023\/06\/Spartizione-territori-1024x561.jpg 1024w, http:\/\/www.rapsodiaonline.it\/wp-content\/uploads\/2023\/06\/Spartizione-territori-768x420.jpg 768w, http:\/\/www.rapsodiaonline.it\/wp-content\/uploads\/2023\/06\/Spartizione-territori-1536x841.jpg 1536w, http:\/\/www.rapsodiaonline.it\/wp-content\/uploads\/2023\/06\/Spartizione-territori.jpg 1768w\" sizes=\"auto, (max-width: 300px) 100vw, 300px\" \/><\/p>\n<p style=\"text-align: center;\">Figura 1: spartizione dei territori tra Spagna e Portogallo. (La linea viola \u00e8 la Raya)<\/p>\n<p>La colonizzazione port\u00f2 numerosi vantaggi all\u2019Europa, infatti circa una novantina di prodotti di uso comune o frequente, proviene in maggioranza dall\u2019America Latina. Importante anche lo sfruttamento di risorse minerarie, come oro e argento, da cui si ricavarono tonnellate di minerali preziosi. Dopo qualche secolo di dominazione europea, precisamente dal 1800 in poi, le colonie si ribellarono, arrivando, dopo numerose guerre contro i colonizzatori, alla loro libert\u00e0 ed indipendenza. Il primo Paese a diventare indipendente nell\u2019America Latina fu Haiti nel 1804, che tuttavia fu costretto dalla Francia a pagare un pesante tributo (90 mln di franchi d\u2019oro), cosa che lo trasform\u00f2 dalla colonia pi\u00f9 ricca nel Paese pi\u00f9 povero.<\/p>\n<p>Dalla fine del 19esimo secolo fino a met\u00e0 del 20esimo il processo di emigrazione italiana verso il Sud America fu incredibile. Moltissime persone lasciavano l\u2019Italia con la famiglia o senza in cerca di un futuro migliore, in un continente nuovo, che offriva nuove opportunit\u00e0 di lavoro a chi lasciava l\u2019Italia per via delle trasformazioni socio-economiche che avvenivano, specialmente al Nord.<\/p>\n<p>Il Paese \u201cpreferito\u201d dagli italiani era l\u2019Argentina, circa 1.500 persone al giorno, raggiungevano l&#8217;Argentina nel porto di Buenos Aires, ci\u00f2 nonostante la citt\u00e0 con pi\u00f9 italiani o con origine italiana \u00e8 San Paolo, infatti la Metropoli possiede circa 5 mln di abitanti di origine italiana. La presenza italiana \u00e8 stata determinante nella formazione dell&#8217;Argentina e del Brasile come paesi moderni, ma anche nel resto del Sudamerica l&#8217;influenza degli italiani si \u00e8 fatta sentire in misura notevole. I primi flussi come gi\u00e0 detto furono quelli degli esuli risorgimentali, seguiti poi da persone in cerca di lavoro, spinti dalla miseria.\u00a0 La grande emigrazione avvenne dal 1876 in poi; fu intensa per tutta la durata del secolo successivo fino alla vigilia della Prima Guerra Mondiale, quando sub\u00ec una riduzione fino alla fine del secondo conflitto mondiale dove poi riprese per soli pochi anni.<\/p>\n<p><img loading=\"lazy\" decoding=\"async\" class=\"size-medium wp-image-6940 aligncenter\" src=\"http:\/\/www.rapsodiaonline.it\/wp-content\/uploads\/2023\/06\/Nave-porto-Genova-2-300x197.jpg\" alt=\"\" width=\"300\" height=\"197\" srcset=\"http:\/\/www.rapsodiaonline.it\/wp-content\/uploads\/2023\/06\/Nave-porto-Genova-2-300x197.jpg 300w, http:\/\/www.rapsodiaonline.it\/wp-content\/uploads\/2023\/06\/Nave-porto-Genova-2.jpg 590w\" sizes=\"auto, (max-width: 300px) 100vw, 300px\" \/><\/p>\n<p>Figura 2: l\u2019imbarco di una nave nel porto di Genova Diretta verso Buenos Aires<\/p>\n<p>Davide Filippeschi (classe 2A Afm &#8211; ITE) &#8211; Attivit\u00e0 di approfondimento del Progetto Contemporanea..mente<\/p>\n","protected":false},"excerpt":{"rendered":"<p>Cosa ha portato al Golpe? Come sappiamo nel 2016 la Presidente Dilma Rousseff \u00e8 stata deposta dalla presidenza tramite una procedura di impeachment, una messa in stato di accusa di una persona che detiene una carica pubblica ritenuta colpevole di azioni illecite nell&#8217;esercizio delle proprie funzioni allo scopo di provocarne la destituzione. La procedura di [&hellip;]<\/p>\n","protected":false},"author":1,"featured_media":6939,"comment_status":"open","ping_status":"open","sticky":false,"template":"","format":"standard","meta":{"_genesis_hide_title":false,"_genesis_hide_breadcrumbs":false,"_genesis_hide_singular_image":false,"_genesis_hide_footer_widgets":false,"_genesis_custom_body_class":"","_genesis_custom_post_class":"","_genesis_layout":"","footnotes":""},"categories":[34],"tags":[],"class_list":{"0":"post-6938","1":"post","2":"type-post","3":"status-publish","4":"format-standard","5":"has-post-thumbnail","7":"category-focus_dx","8":"entry"},"_links":{"self":[{"href":"http:\/\/www.rapsodiaonline.it\/index.php?rest_route=\/wp\/v2\/posts\/6938","targetHints":{"allow":["GET"]}}],"collection":[{"href":"http:\/\/www.rapsodiaonline.it\/index.php?rest_route=\/wp\/v2\/posts"}],"about":[{"href":"http:\/\/www.rapsodiaonline.it\/index.php?rest_route=\/wp\/v2\/types\/post"}],"author":[{"embeddable":true,"href":"http:\/\/www.rapsodiaonline.it\/index.php?rest_route=\/wp\/v2\/users\/1"}],"replies":[{"embeddable":true,"href":"http:\/\/www.rapsodiaonline.it\/index.php?rest_route=%2Fwp%2Fv2%2Fcomments&post=6938"}],"version-history":[{"count":1,"href":"http:\/\/www.rapsodiaonline.it\/index.php?rest_route=\/wp\/v2\/posts\/6938\/revisions"}],"predecessor-version":[{"id":6941,"href":"http:\/\/www.rapsodiaonline.it\/index.php?rest_route=\/wp\/v2\/posts\/6938\/revisions\/6941"}],"wp:featuredmedia":[{"embeddable":true,"href":"http:\/\/www.rapsodiaonline.it\/index.php?rest_route=\/wp\/v2\/media\/6939"}],"wp:attachment":[{"href":"http:\/\/www.rapsodiaonline.it\/index.php?rest_route=%2Fwp%2Fv2%2Fmedia&parent=6938"}],"wp:term":[{"taxonomy":"category","embeddable":true,"href":"http:\/\/www.rapsodiaonline.it\/index.php?rest_route=%2Fwp%2Fv2%2Fcategories&post=6938"},{"taxonomy":"post_tag","embeddable":true,"href":"http:\/\/www.rapsodiaonline.it\/index.php?rest_route=%2Fwp%2Fv2%2Ftags&post=6938"}],"curies":[{"name":"wp","href":"https:\/\/api.w.org\/{rel}","templated":true}]}}