{"id":6897,"date":"2023-05-13T16:49:12","date_gmt":"2023-05-13T16:49:12","guid":{"rendered":"http:\/\/www.rapsodiaonline.it\/?p=6897"},"modified":"2023-05-13T16:52:40","modified_gmt":"2023-05-13T16:52:40","slug":"argentina-la-testimonianza-degli-ex-detenuti-politici-durante-lultima-dittatura","status":"publish","type":"post","link":"http:\/\/www.rapsodiaonline.it\/?p=6897","title":{"rendered":"Argentina, la testimonianza degli ex detenuti politici durante l&#8217;ultima dittatura"},"content":{"rendered":"\n<p>SOLO UN ANNO FA \u00c8 STATA PUBBLICATA LA TRADUZIONE ITALIANA DI &#8220;GRAND HOTEL CORONDA&#8221; OPERA DEL COLLETTIVO &#8220;EL PERISCOPIO&#8221;. GLI EXCARCERCERATI POLITICI RACCONTANO LE LORO TERRIBILI ESPERIENZE NELLA PRIGIONE ARGENTINA, LE TORTURE E L&#8217;OPPRESSIONE.<\/p>\n<p>\u00a0<\/p>\n<p>&#8220;Processo di riorganizzazione nazionale&#8221; fu il nome con cui si autodefin\u00ec la dittatura militare che govern\u00f2 l&#8217;Argentina dal 24 marzo 1976 al 10 dicembre 1983 con la cessione incondizionata del potere.<\/p>\n<p>La dittatura ebbe inizio con un colpo di Stato militare, che rovesci\u00f2 il presidente e tutte le autorit\u00e0 costituzionali, imponendo nello scenario politico le figure dei tre comandanti delle forze armate. Questa giunta eman\u00f2 diverse norme al fine di stabilizzare il potere autocratico e nomin\u00f2 un ufficiale militare &#8211; con il titolo di presidente, nelle cui mani furono accentrati i poteri esecutivo e legislativo &#8211; e cinque funzionari civili che occuparono la corte suprema.<\/p>\n<p>Gli obiettivi dichiarati del Processo di riorganizzazione nazionale erano combattere la corruzione, la demagogia e la sovversione. Si stabil\u00ec un nuovo modello economico imposto attraverso una generale violazione dei diritti umani di coloro definiti come &#8220;sovversivi&#8221;. Il potere fu esercitato tramite la violenza e la tortura; l&#8217;esilio forzato e provoc\u00f2 un numero stimato di circa 30.000 sparizioni. Il regime militare pot\u00e9 contare sul sostegno o la tolleranza dei principali media privati e delle industrie del paese, della chiesa cattolica e della maggior parte della comunit\u00e0 internazionale.<\/p>\n<p>Alla fine del 1983, indebolito dalla sconfitta nella guerra delle Falkland, il regime fu costretto a cedere il potere a un governo liberamente scelto dai cittadini.<\/p>\n<p>In questo contesto storico vennero incarcerati in condizioni impossibili, torturati e deportati, i sindacalisti, gli oppositori del regime o anche solo coloro che lo sembravano.\u00a0 Tutto al fine di fiaccare la resistenza, la libert\u00e0 di pensiero e il libero arbitrio.<\/p>\n<p>A raccontare la loro esperienza sono i membri del collettivo &#8220;El periscopio&#8221;, il cui obiettivo \u00e8 contribuire alla promozione e al sostegno di progetti per il recupero della memoria storica.<\/p>\n<p>Sono circa 70 gli ex prigionieri politici autori del libro detenuti nel carcere di Coronda (Provincia di Santa Fe, Argentina) tra il 1974 e il 1979. Allora, erano giovani militanti di movimenti popolari: operai, studenti, insegnanti, contadini, abitanti dei quartieri meno abbienti. Quei giovani, tra i 16 ed i 35 anni, sono, oggi, veterani dell&#8217;ultima dittatura civile-militare, sopravvissuti al terrorismo di Stato.<\/p>\n<p>Nel 2020, il libro \u00e8 stato tradotto e pubblicato in lingua francese.<\/p>\n<p><img loading=\"lazy\" decoding=\"async\" class=\"alignnone size-medium wp-image-6898 aligncenter\" src=\"http:\/\/www.rapsodiaonline.it\/wp-content\/uploads\/2023\/05\/Grand-Hotel-Coronda-200x300.jpg\" alt=\"\" width=\"200\" height=\"300\" srcset=\"http:\/\/www.rapsodiaonline.it\/wp-content\/uploads\/2023\/05\/Grand-Hotel-Coronda-200x300.jpg 200w, http:\/\/www.rapsodiaonline.it\/wp-content\/uploads\/2023\/05\/Grand-Hotel-Coronda.jpg 222w\" sizes=\"auto, (max-width: 200px) 100vw, 200px\" \/><\/p>\n<p>\u00ab<em>Non ci sentiamo vittime della nostra storia. Siamo stati e continuiamo a essere attori sociali che desiderano cambiamenti strutturali, da costruire con la gioia della consapevolezza umana. Ed \u00e8 per questo che, sebbene alcune di queste pagine riflettano sofferenze molto profonde e assenze insostituibili, l\u2019umorismo, come appare nella maggior parte del racconto, \u00e8 sempre stato un\u2019arma letale contro i nostri carnefici. Erano i gendarmi e le guardie i veri prigionieri delle proprie paure. E noi, pur stando 23 ore al giorno in celle di 2,80 x 3,40 metri, gli esseri veramente liberi<\/em>\u00bb.<\/p>\n<p>\u00a0<\/p>\n<p>In <em>Grand Hotel Coronda<\/em>, i detenuti politici sopravvissuti al carcere di Coronda testimoniano l\u2019esperienza vissuta oltre 40 anni fa. Il loro messaggio si pu\u00f2 riassumere in due parole: resistenza e resilienza. Hanno resistito a un sistema che, giorno dopo giorno, li voleva annientare. Ci sono riusciti costruendo, praticamente dal nulla, dei \u201cperiscopi\u201d, usati per spiare le loro stesse guardie. Nonostante le torture, hanno dato prova di una resistenza fuori dal comune, sfidando il potere militare.<\/p>\n<p>Questo libro, la cui versione originale ha avuto un grande impatto in Argentina, costituisce una formidabile testimonianza di vittoria dell&#8217;essere umano sulla follia e la morte, grazie ad una lotta collettiva contro l&#8217;ingiustizia e l&#8217;arbitrariet\u00e0.<\/p>\n<p>\u00a0<a href=\"https:\/\/vimeo.com\/733955181\">Video della visita degli ex carcerati al carcere di Coronda<\/a> dove sono stati imprigionati.<\/p>\n<p>\u00a0<\/p>\n<p>Emma Errais &#8211;\u00a0Matteo Pratelli &#8211;\u00a0Ester Signorelli (classe 1C &#8211; liceo classico) &#8211; attivit\u00e0 del corso di Geopolitica e analisi dei conflitti internazionali<\/p>\n","protected":false},"excerpt":{"rendered":"<p>SOLO UN ANNO FA \u00c8 STATA PUBBLICATA LA TRADUZIONE ITALIANA DI &#8220;GRAND HOTEL CORONDA&#8221; OPERA DEL COLLETTIVO &#8220;EL PERISCOPIO&#8221;. GLI EXCARCERCERATI POLITICI RACCONTANO LE LORO TERRIBILI ESPERIENZE NELLA PRIGIONE ARGENTINA, LE TORTURE E L&#8217;OPPRESSIONE. \u00a0 &#8220;Processo di riorganizzazione nazionale&#8221; fu il nome con cui si autodefin\u00ec la dittatura militare che govern\u00f2 l&#8217;Argentina dal 24 marzo [&hellip;]<\/p>\n","protected":false},"author":1,"featured_media":6898,"comment_status":"open","ping_status":"open","sticky":false,"template":"","format":"standard","meta":{"_genesis_hide_title":false,"_genesis_hide_breadcrumbs":false,"_genesis_hide_singular_image":false,"_genesis_hide_footer_widgets":false,"_genesis_custom_body_class":"","_genesis_custom_post_class":"","_genesis_layout":"","footnotes":""},"categories":[3,32],"tags":[],"class_list":{"0":"post-6897","1":"post","2":"type-post","3":"status-publish","4":"format-standard","5":"has-post-thumbnail","7":"category-in-primo-piano","8":"category-contemporaneamente","9":"entry"},"_links":{"self":[{"href":"http:\/\/www.rapsodiaonline.it\/index.php?rest_route=\/wp\/v2\/posts\/6897","targetHints":{"allow":["GET"]}}],"collection":[{"href":"http:\/\/www.rapsodiaonline.it\/index.php?rest_route=\/wp\/v2\/posts"}],"about":[{"href":"http:\/\/www.rapsodiaonline.it\/index.php?rest_route=\/wp\/v2\/types\/post"}],"author":[{"embeddable":true,"href":"http:\/\/www.rapsodiaonline.it\/index.php?rest_route=\/wp\/v2\/users\/1"}],"replies":[{"embeddable":true,"href":"http:\/\/www.rapsodiaonline.it\/index.php?rest_route=%2Fwp%2Fv2%2Fcomments&post=6897"}],"version-history":[{"count":2,"href":"http:\/\/www.rapsodiaonline.it\/index.php?rest_route=\/wp\/v2\/posts\/6897\/revisions"}],"predecessor-version":[{"id":6900,"href":"http:\/\/www.rapsodiaonline.it\/index.php?rest_route=\/wp\/v2\/posts\/6897\/revisions\/6900"}],"wp:featuredmedia":[{"embeddable":true,"href":"http:\/\/www.rapsodiaonline.it\/index.php?rest_route=\/wp\/v2\/media\/6898"}],"wp:attachment":[{"href":"http:\/\/www.rapsodiaonline.it\/index.php?rest_route=%2Fwp%2Fv2%2Fmedia&parent=6897"}],"wp:term":[{"taxonomy":"category","embeddable":true,"href":"http:\/\/www.rapsodiaonline.it\/index.php?rest_route=%2Fwp%2Fv2%2Fcategories&post=6897"},{"taxonomy":"post_tag","embeddable":true,"href":"http:\/\/www.rapsodiaonline.it\/index.php?rest_route=%2Fwp%2Fv2%2Ftags&post=6897"}],"curies":[{"name":"wp","href":"https:\/\/api.w.org\/{rel}","templated":true}]}}