{"id":6804,"date":"2023-02-10T18:12:10","date_gmt":"2023-02-10T18:12:10","guid":{"rendered":"http:\/\/www.rapsodiaonline.it\/?p=6804"},"modified":"2023-02-11T13:46:40","modified_gmt":"2023-02-11T13:46:40","slug":"i-giorni-classici-le-nostre-e-le-voci-voci","status":"publish","type":"post","link":"http:\/\/www.rapsodiaonline.it\/?p=6804","title":{"rendered":"I Giorni Classici: le nostre e le vostre voci"},"content":{"rendered":"\n<p>Nel corso dei Giorni Classici 2023 abbiamo pensato di intervistare genitori, insegnanti e gli stessi attori, scenografi e guide per capire quali fossero le varie impressioni riguardo questo evento cos\u00ec importante per noi ragazzi del Liceo Classico Galileo Galilei.<\/p>\n<p>Durante le giornate di venerd\u00ec 13 e sabato 14 gennaio alcuni partecipanti e visitatori ci hanno dato un loro parere che potr\u00e0 sicuramente aiutarci a migliorare. Ecco alcune delle risposte date alle nostre domande:<\/p>\n<p><br \/><strong>\u201cAvete mai visto o partecipato ai giorni classici? Che impressioni avete avuto quest\u2019anno?\u201d<\/strong><br \/>-Guide:<br \/>a) No mai, ed \u00e8 divertentissimo.<br \/>b) No mai, \u00e8 stupendo, un\u2019iniziativa che per esempio nella mia vecchia scuola non c\u2019era.<\/p>\n<p>-Scenografi:<br \/>a) Si, quest\u2019anno ho visto partecipazione da parte dei pi\u00f9 piccoli, c\u2019era chimica e la scenografia ha fatto un lavoro molto originale.<br \/>b) Si, nonostante il periodo covid e il fatto che non tutti avessero partecipato a questo tipo di autogestione dal primo anno, ci sembra che i Giorni Classici abbiano mantenuto le loro caratteristiche e siano riusciti bene. Anche quest\u2019anno c\u2019\u00e8 stata l\u2019unione tra pi\u00f9 grandi e pi\u00f9 piccoli ed \u00e8 venuto un bel lavoro, anche per quanto riguarda la scenografia iniziale nell\u2019atrio che ha mantenuto le aspettative. Soprattutto ci siamo autofinanziati, che non \u00e8 una cosa da poco e fa capire quanto sentiamo nostra questa scuola.<\/p>\n<p>-Professoressa:<br \/>a) Certo, ho visto due edizioni, quest\u2019anno mi \u00e8 sembrato interessante come al solito, sono stati affrontati temi importanti e questo mi fa piacere, mi \u00e8 piaciuta particolarmente l&#8217;esposizione.<\/p>\n<p>-Genitori<br \/>a) Questa \u00e8 la seconda volta, li ho trovati molto belli.<br \/>b) Per me penso sia la settima volta, sono stati divertenti e stimolanti come al solito.<\/p>\n<p><strong>\u201cQuale spettacolo vi \u00e8 piaciuto di pi\u00f9?\u201d<\/strong><br \/>-Guide<br \/>a) Bacco e Arianna.<br \/>b) Il caff\u00e8 con gli dei.<\/p>\n<p>-Scenografi<br \/>a) Il caff\u00e8 con gli dei.<br \/>b) Il caff\u00e8 con gli dei.<\/p>\n<p>-Professoressa<br \/>a) Sono stati tutti molto belli, ma l\u2019ultimo lo era in particolare, \u201cLa Psicostasia di Eichmann\u201d.<\/p>\n<p>-Genitori<br \/>a) Tutti, non per diplomazia, ma perch\u00e9 ognuno aveva un proprio carattere ed erano sia briosi, di contenuto non pesante, sia pi\u00f9 seri.<br \/>b) Concordo, ho apprezzato particolarmente quelli sui temi di attualit\u00e0, come la violenza sulle donne e le ingiustizie sociali.\u00a0<\/p>\n<p><br \/><strong>\u201cSecondo te, perch\u00e9 questo tipo di iniziativa \u00e8 importante per noi <\/strong><strong>studenti?\u201d<\/strong><br \/>-Guide<br \/>a) \u00c8 un&#8217;occasione per sentirci parte della scuola.<br \/>b) \u00c8 un buon modo per familiarizzare tra di noi e apprendere divertendosi.<\/p>\n<p>-Scenografi<br \/>a) Oltre al fatto che riprende le tematiche che affrontiamo a scuola, \u00e8 un\u2019esperienza che ci unisce e, dato che qui siamo un piccolo ambiente, l&#8217;unione fa davvero la forza. \u00c8 un\u2019iniziativa che mette in luce le cose belle che ci sono al classico, visto che si dice che \u00e8 una scuola morta ed evidentemente non \u00e8 cos\u00ec.<\/p>\n<p>-Professoressa<br \/>a) Credo sia fondamentale per stimolare la creativit\u00e0, continuate cos\u00ec ed impegnatevi a sviluppare sempre nuove idee.<\/p>\n<p>-Genitori<br \/>a) \u00c8 importante perch\u00e9 nell\u2019attualit\u00e0 del mito e nelle scienze umane, che sono molto sottovalutate, alla fine poi si trova la base della coscienza civile.<br \/>b) Concordo, forse \u00e8 importante anche per far conoscere meglio il liceo classico.<\/p>\n<p>\u00a0<\/p>\n<p>Ringraziamo tutti gli intervistati per il loro prezioso parere!<\/p>\n<p>Anche quest\u2019anno i Giorni Classici sono stati un momento importante, emozionante, divertente e formativo allo stesso tempo. Crediamo che, soprattutto a causa del periodo covid in cui questa opportunit\u00e0 di autogestione purtroppo non era permessa, quest\u2019anno pi\u00f9 che mai siano state ancora pi\u00f9 forte la nostra grinta e creativit\u00e0, poich\u00e9 ci vogliamo tenere strette queste due giornate e ogni anno ci impegniamo al massimo affinch\u00e9 siano migliori di quelle precedenti.<\/p>\n<p>Alessia Berti (classe 3A &#8211; liceo classico)\u00a0<\/p>\n","protected":false},"excerpt":{"rendered":"<p>Nel corso dei Giorni Classici 2023 abbiamo pensato di intervistare genitori, insegnanti e gli stessi attori, scenografi e guide per capire quali fossero le varie impressioni riguardo questo evento cos\u00ec importante per noi ragazzi del Liceo Classico Galileo Galilei. Durante le giornate di venerd\u00ec 13 e sabato 14 gennaio alcuni partecipanti e visitatori ci hanno [&hellip;]<\/p>\n","protected":false},"author":1,"featured_media":6761,"comment_status":"open","ping_status":"open","sticky":false,"template":"","format":"standard","meta":{"_genesis_hide_title":false,"_genesis_hide_breadcrumbs":false,"_genesis_hide_singular_image":false,"_genesis_hide_footer_widgets":false,"_genesis_custom_body_class":"","_genesis_custom_post_class":"","_genesis_layout":"","footnotes":""},"categories":[3],"tags":[],"class_list":{"0":"post-6804","1":"post","2":"type-post","3":"status-publish","4":"format-standard","5":"has-post-thumbnail","7":"category-in-primo-piano","8":"entry"},"_links":{"self":[{"href":"http:\/\/www.rapsodiaonline.it\/index.php?rest_route=\/wp\/v2\/posts\/6804","targetHints":{"allow":["GET"]}}],"collection":[{"href":"http:\/\/www.rapsodiaonline.it\/index.php?rest_route=\/wp\/v2\/posts"}],"about":[{"href":"http:\/\/www.rapsodiaonline.it\/index.php?rest_route=\/wp\/v2\/types\/post"}],"author":[{"embeddable":true,"href":"http:\/\/www.rapsodiaonline.it\/index.php?rest_route=\/wp\/v2\/users\/1"}],"replies":[{"embeddable":true,"href":"http:\/\/www.rapsodiaonline.it\/index.php?rest_route=%2Fwp%2Fv2%2Fcomments&post=6804"}],"version-history":[{"count":5,"href":"http:\/\/www.rapsodiaonline.it\/index.php?rest_route=\/wp\/v2\/posts\/6804\/revisions"}],"predecessor-version":[{"id":6810,"href":"http:\/\/www.rapsodiaonline.it\/index.php?rest_route=\/wp\/v2\/posts\/6804\/revisions\/6810"}],"wp:featuredmedia":[{"embeddable":true,"href":"http:\/\/www.rapsodiaonline.it\/index.php?rest_route=\/wp\/v2\/media\/6761"}],"wp:attachment":[{"href":"http:\/\/www.rapsodiaonline.it\/index.php?rest_route=%2Fwp%2Fv2%2Fmedia&parent=6804"}],"wp:term":[{"taxonomy":"category","embeddable":true,"href":"http:\/\/www.rapsodiaonline.it\/index.php?rest_route=%2Fwp%2Fv2%2Fcategories&post=6804"},{"taxonomy":"post_tag","embeddable":true,"href":"http:\/\/www.rapsodiaonline.it\/index.php?rest_route=%2Fwp%2Fv2%2Ftags&post=6804"}],"curies":[{"name":"wp","href":"https:\/\/api.w.org\/{rel}","templated":true}]}}