{"id":6752,"date":"2023-01-09T14:06:31","date_gmt":"2023-01-09T14:06:31","guid":{"rendered":"http:\/\/www.rapsodiaonline.it\/?p=6752"},"modified":"2023-01-09T18:38:23","modified_gmt":"2023-01-09T18:38:23","slug":"gianluca-vialli-ricordo-di-un-campione","status":"publish","type":"post","link":"http:\/\/www.rapsodiaonline.it\/?p=6752","title":{"rendered":"Gianluca Vialli: breve ricordo di un grande campione"},"content":{"rendered":"\n<p>L\u2019ex attaccante storico, simbolo della Nazionale e di Sampdoria, Juventus, Chelsea e Cremonese, se n\u2019\u00e8 andato il 6 gennaio 2023 all\u2019et\u00e0 di soli 58 anni. Era ricoverato da tempo presso l\u2019ospedale \u201cThe Royal Marsden\u201d di Londra, dove viveva con la famiglia.<\/p>\n<p>Vialli non \u00e8 stato solo un calciatore, ma anche un allenatore, un dirigente sportivo e il capo della delegazione italiana; \u00e8 stato uno degli uomini pi\u00f9 apprezzati nel mondo del calcio italiano. Tra i migliori centravanti degli anni \u201880 e \u201890 del XX secolo, rientra nella cerchia dei giocatori che hanno vinto tutte e tre le principali competizioni UEFA. Nel 2015 \u00e8 stato inoltre inserito nella Hall of Fame del calcio italiano.<\/p>\n<p><img loading=\"lazy\" decoding=\"async\" class=\"size-medium wp-image-6756 alignright\" src=\"http:\/\/www.rapsodiaonline.it\/wp-content\/uploads\/2023\/01\/Gianluca-Vialli-300x175.jpg\" alt=\"\" width=\"300\" height=\"175\" \/>Anche se ha giocato in anni per noi lontani, Gianluca Vialli fa parte della storia del calcio ed \u00e8 sconcertante pensare che non ci sia pi\u00f9. Le parole usate dalla famiglia nel dare la notizia della sua morte e quelle dell\u2019allenatore Roberto Mancini, amico fraterno di Vialli, ne hanno evidenziato la dignit\u00e0 e il coraggio, quelle doti che servono per affrontare le vere sfide della vita e che, nelle partite in campo e in quella con la malattia, lo hanno reso e lo rendono un esempio per noi.<\/p>\n<p>Michele Stefanini (classe 4B \u2013 liceo classico)<\/p>\n","protected":false},"excerpt":{"rendered":"<p>L\u2019ex attaccante storico, simbolo della Nazionale e di Sampdoria, Juventus, Chelsea e Cremonese, se n\u2019\u00e8 andato il 6 gennaio 2023 all\u2019et\u00e0 di soli 58 anni. Era ricoverato da tempo presso l\u2019ospedale \u201cThe Royal Marsden\u201d di Londra, dove viveva con la famiglia. Vialli non \u00e8 stato solo un calciatore, ma anche un allenatore, un dirigente sportivo [&hellip;]<\/p>\n","protected":false},"author":1,"featured_media":0,"comment_status":"open","ping_status":"open","sticky":false,"template":"","format":"standard","meta":{"_genesis_hide_title":false,"_genesis_hide_breadcrumbs":false,"_genesis_hide_singular_image":false,"_genesis_hide_footer_widgets":false,"_genesis_custom_body_class":"","_genesis_custom_post_class":"","_genesis_layout":"","footnotes":""},"categories":[20],"tags":[],"class_list":{"0":"post-6752","1":"post","2":"type-post","3":"status-publish","4":"format-standard","6":"category-sport-evento-della-settimana","7":"entry"},"_links":{"self":[{"href":"http:\/\/www.rapsodiaonline.it\/index.php?rest_route=\/wp\/v2\/posts\/6752","targetHints":{"allow":["GET"]}}],"collection":[{"href":"http:\/\/www.rapsodiaonline.it\/index.php?rest_route=\/wp\/v2\/posts"}],"about":[{"href":"http:\/\/www.rapsodiaonline.it\/index.php?rest_route=\/wp\/v2\/types\/post"}],"author":[{"embeddable":true,"href":"http:\/\/www.rapsodiaonline.it\/index.php?rest_route=\/wp\/v2\/users\/1"}],"replies":[{"embeddable":true,"href":"http:\/\/www.rapsodiaonline.it\/index.php?rest_route=%2Fwp%2Fv2%2Fcomments&post=6752"}],"version-history":[{"count":4,"href":"http:\/\/www.rapsodiaonline.it\/index.php?rest_route=\/wp\/v2\/posts\/6752\/revisions"}],"predecessor-version":[{"id":6759,"href":"http:\/\/www.rapsodiaonline.it\/index.php?rest_route=\/wp\/v2\/posts\/6752\/revisions\/6759"}],"wp:attachment":[{"href":"http:\/\/www.rapsodiaonline.it\/index.php?rest_route=%2Fwp%2Fv2%2Fmedia&parent=6752"}],"wp:term":[{"taxonomy":"category","embeddable":true,"href":"http:\/\/www.rapsodiaonline.it\/index.php?rest_route=%2Fwp%2Fv2%2Fcategories&post=6752"},{"taxonomy":"post_tag","embeddable":true,"href":"http:\/\/www.rapsodiaonline.it\/index.php?rest_route=%2Fwp%2Fv2%2Ftags&post=6752"}],"curies":[{"name":"wp","href":"https:\/\/api.w.org\/{rel}","templated":true}]}}