{"id":6702,"date":"2022-11-27T18:13:35","date_gmt":"2022-11-27T18:13:35","guid":{"rendered":"http:\/\/www.rapsodiaonline.it\/?p=6702"},"modified":"2022-11-27T18:14:01","modified_gmt":"2022-11-27T18:14:01","slug":"chi-e-perche-non-parla-del-kurdistan","status":"publish","type":"post","link":"http:\/\/www.rapsodiaonline.it\/?p=6702","title":{"rendered":"Chi e perch\u00e9 (non) parla del Kurdistan?"},"content":{"rendered":"\n<p>Dalla mezzanotte del 20 novembre i missili turchi e iraniani hanno ripreso il bombardamento del Kurdistan iracheno e siriano, ovvero il Rojava, territorio autonomo che dal 2011 combatte contro l&#8217;ISIS (da loro sconfitto), le forze governative siriane e la Turchia per mantenere l&#8217;indipendenza duramente conquistata in quegli anni.<\/p>\n<p><br \/>PERCHE\u2019?<br \/><img loading=\"lazy\" decoding=\"async\" class=\"size-medium wp-image-6705 alignright\" src=\"http:\/\/www.rapsodiaonline.it\/wp-content\/uploads\/2022\/11\/IMG_20221125_200457-195x300.jpg\" alt=\"\" width=\"195\" height=\"300\" \/>Nonostante le motivazioni dell&#8217;attacco da parte dell\u2019Iran non siano ben note, si aggiunge ai crimini del governo iraniano il fatto che quest&#8217;ultimo continua a reprimere la minoranza kurda* presente sul suo territorio (bisogna ricordare che Masha Amini, la cui uccisione ha causato le rivolte, era kurda).\u00a0<br \/>Riguardo all&#8217;attacco della Turchia, tale atto invece viene giustificato con l&#8217;attentato ad Ankara del 13 novembre, attentato di cui \u00e8 stato ritenuto responsabile il PKK (partito che si batte per l\u2019indipendenza del Kurdistan turco e con legami con l\u2019amministrazione del Rojava) nonostante lo stesso PKK abbia negato tutto, facendo ricordare che gli attacchi terroristici contro i civili sono una politica da loro rifiutata. Potremmo quindi pensare che la Turchia abbia accusato falsamente il PKK di terrorismo per poter riprendere la sua offensiva contro il Rojava (iniziata nel 2016) a cui nei prossimi giorni potrebbe far seguito un\u2019invasione di terra, come annunciato dal Governo turco, eventualit\u00e0 che porterebbe a un altro massacro in quella zona.<\/p>\n<p><br \/>PERCHE\u2019 NON SE NE PARLA?<br \/>Nonostante gli attacchi abbiano causato dozzine di morti la maggior parte dei lettori non \u00e8 informato su tali avvenimenti, visto che in Italia l\u2019unica persona di rilievo mediatico a criticare questi attacchi \u00e8 stata Zerocalcare, fumettista e autore della serie \u201cStrappare Lungo i Bordi\u201d, da sempre molto attento a seguire con attenzione le vicende del popolo kurdo. Potrebbe venire da chiedersi come mai i telegiornali non abbiano parlato di un evento cos\u00ec drammatico e vicino all&#8217;Europa; una possibile risposta sta nel fatto che la Turchia \u00e8 nell&#8217;alleanza militare NATO insieme all&#8217;Italia e quindi la sua politica repressiva e criminale viene passata sotto silenzio per interessi strategici. Al momento,<br \/>infatti, la Turchia ha un ruolo importante anche nelle trattative tra Russia e Ucraina e nello scacchiere del mar Nero.<\/p>\n<p>PERCHE\u2019 E\u2019 IMPORTANTE?<br \/>In un contesto devastato come quello della Siria e dell&#8217;Iraq le organizzazioni politiche e militari kurde (PKK, YPG, YPJ\u2026) portano avanti la causa di un popolo che da secoli non vede nessuna libert\u00e0 o riconoscimento degli ideali del confederalismo democratico (sviluppati da Ocalan, attualmente prigioniero della Turchia) che sono la pi\u00f9 grande opportunit\u00e0 di democrazia, uguaglianza e tolleranza per quella zona che conosce solo autoritarismo e oppressione ormai da secoli. Di sicuro l&#8217;autonomia kurda merita il nostro sostegnoa molto di pi\u00f9 della giunta di Erdogan che governa la Turchia.<\/p>\n<p><br \/>COSA POSSIAMO FARE?<br \/>In quanto studenti l&#8217;unica cosa che possiamo fare \u00e8 rompere il muro di silenzio che separa ci\u00f2 che succede in Kurdistan dalle nostre case, facendone parola con pi\u00f9 persone possibili, anche i nostri familiari. Di sicuro questo non porter\u00e0 alla cessazione dello sterminio turco e iraniano ma \u00e8 importante farlo non perch\u00e9 cambier\u00e0 qualcosa, ma perch\u00e9 \u00e8 giusto.<\/p>\n<p>*Nonostante in italiano la scrittura corretta sia \u201ccurdo\u201d ho preferito scriverlo con la k in segno di rispetto per il popolo kurdo<\/p>\n<p>Valerio D&#8217;Amato (classe 1B &#8211; Liceo classico)<\/p>\n","protected":false},"excerpt":{"rendered":"<p>Dalla mezzanotte del 20 novembre i missili turchi e iraniani hanno ripreso il bombardamento del Kurdistan iracheno e siriano, ovvero il Rojava, territorio autonomo che dal 2011 combatte contro l&#8217;ISIS (da loro sconfitto), le forze governative siriane e la Turchia per mantenere l&#8217;indipendenza duramente conquistata in quegli anni. PERCHE\u2019?Nonostante le motivazioni dell&#8217;attacco da parte dell\u2019Iran [&hellip;]<\/p>\n","protected":false},"author":1,"featured_media":0,"comment_status":"open","ping_status":"open","sticky":false,"template":"","format":"standard","meta":{"_genesis_hide_title":false,"_genesis_hide_breadcrumbs":false,"_genesis_hide_singular_image":false,"_genesis_hide_footer_widgets":false,"_genesis_custom_body_class":"","_genesis_custom_post_class":"","_genesis_layout":"","footnotes":""},"categories":[3],"tags":[],"class_list":{"0":"post-6702","1":"post","2":"type-post","3":"status-publish","4":"format-standard","6":"category-in-primo-piano","7":"entry"},"_links":{"self":[{"href":"http:\/\/www.rapsodiaonline.it\/index.php?rest_route=\/wp\/v2\/posts\/6702","targetHints":{"allow":["GET"]}}],"collection":[{"href":"http:\/\/www.rapsodiaonline.it\/index.php?rest_route=\/wp\/v2\/posts"}],"about":[{"href":"http:\/\/www.rapsodiaonline.it\/index.php?rest_route=\/wp\/v2\/types\/post"}],"author":[{"embeddable":true,"href":"http:\/\/www.rapsodiaonline.it\/index.php?rest_route=\/wp\/v2\/users\/1"}],"replies":[{"embeddable":true,"href":"http:\/\/www.rapsodiaonline.it\/index.php?rest_route=%2Fwp%2Fv2%2Fcomments&post=6702"}],"version-history":[{"count":2,"href":"http:\/\/www.rapsodiaonline.it\/index.php?rest_route=\/wp\/v2\/posts\/6702\/revisions"}],"predecessor-version":[{"id":6706,"href":"http:\/\/www.rapsodiaonline.it\/index.php?rest_route=\/wp\/v2\/posts\/6702\/revisions\/6706"}],"wp:attachment":[{"href":"http:\/\/www.rapsodiaonline.it\/index.php?rest_route=%2Fwp%2Fv2%2Fmedia&parent=6702"}],"wp:term":[{"taxonomy":"category","embeddable":true,"href":"http:\/\/www.rapsodiaonline.it\/index.php?rest_route=%2Fwp%2Fv2%2Fcategories&post=6702"},{"taxonomy":"post_tag","embeddable":true,"href":"http:\/\/www.rapsodiaonline.it\/index.php?rest_route=%2Fwp%2Fv2%2Ftags&post=6702"}],"curies":[{"name":"wp","href":"https:\/\/api.w.org\/{rel}","templated":true}]}}