{"id":5298,"date":"2022-04-16T16:31:31","date_gmt":"2022-04-16T16:31:31","guid":{"rendered":"http:\/\/www.rapsodiaonline.it\/?p=5298"},"modified":"2022-04-16T16:37:29","modified_gmt":"2022-04-16T16:37:29","slug":"giuseppe-mazzini-la-nazione-non-come-mezzo-ma-come-fine","status":"publish","type":"post","link":"http:\/\/www.rapsodiaonline.it\/?p=5298","title":{"rendered":"Giuseppe Mazzini: la nazione non come mezzo ma come fine"},"content":{"rendered":"\n<p>In occasione dei 150 anni dalla morte di Mazzini, avvenuta proprio a Pisa, sono state intraprese diverse iniziative, svolte in varie parti della citt\u00e0 fra cui gli Arsenali Repubblicani e la Domus Mazziniana. A una delle classi del nostro istituto, la IIA, \u00e8 stata offerta la possibilit\u00e0 di partecipare alla Cerimonia di Apertura delle Celebrazioni tenutasi presso gli Arsenali Repubblicani.<\/p>\n<p>In apertura, Paolo Maria Mancarella, al tempo Rettore dell\u2019Universit\u00e0 di Pisa, ha introdotto la celebrazione e il Presidente della Camera dei Deputati Roberto Fico ha preso la parola per evidenziare l\u2019aspetto divisivo di Mazzini non tanto a livello storiografico quanto nell&#8217;opinione pubblica. Fico cita poi la \u2018nazionalizzazione\u2019 che Gentile fa di Mazzini sottolineando che egli \u00e8 stato un anticipatore della globalizzazione della democrazia e non tanto un utopista quanto un visionario, dato che le sue idee si sono poi materializzate. Ha costituito un pilastro nell\u2019idea repubblicana del 1946 come spiegato da Calamandrei nel suo discorso.<\/p>\n<p>Dopo la Lectio Magistralis di Balzani, il presidente dell\u2019AMI (Associazione Mazziniana Italiana), ha espresso il suo orgoglio per l\u2019incarico affidatogli che lo lega a Mazzini, alla Repubblica Italiana e all\u2019Europa.<\/p>\n<p>Gli studenti dell\u2019Universit\u00e0 di Pisa hanno prima eseguito un Inno Popolare del 1848 di Verdi e Mameli, per poi presentare dei brani relativi alla morte di Mazzini, tra cui uno di Carducci, e una canzone popolare Svizzera.<\/p>\n<p>Per concludere sono state citate le ultime parole di Mazzini (7 marzo 1872): \u2018ogni nazione \u00e8 un operaio dell\u2019umanit\u00e0 e lavora per essa; l\u2019ideale \u00e8 supremo rispetto a noi\u2019 accompagnato dall\u2019Inno Europeo eseguito dal Coro dell\u2019Universit\u00e0 di Pisa.<\/p>\n<p>\u00a0<\/p>\n<p>Flavia Braccini &#8211; Valentina Moriconi &#8211;\u00a0Filippo Conti (classe IIA &#8211; Liceo classico)<\/p>\n","protected":false},"excerpt":{"rendered":"<p>In occasione dei 150 anni dalla morte di Mazzini, avvenuta proprio a Pisa, sono state intraprese diverse iniziative, svolte in varie parti della citt\u00e0 fra cui gli Arsenali Repubblicani e la Domus Mazziniana. A una delle classi del nostro istituto, la IIA, \u00e8 stata offerta la possibilit\u00e0 di partecipare alla Cerimonia di Apertura delle Celebrazioni [&hellip;]<\/p>\n","protected":false},"author":1,"featured_media":5299,"comment_status":"open","ping_status":"open","sticky":false,"template":"","format":"standard","meta":{"_genesis_hide_title":false,"_genesis_hide_breadcrumbs":false,"_genesis_hide_singular_image":false,"_genesis_hide_footer_widgets":false,"_genesis_custom_body_class":"","_genesis_custom_post_class":"","_genesis_layout":"","footnotes":""},"categories":[3],"tags":[],"class_list":{"0":"post-5298","1":"post","2":"type-post","3":"status-publish","4":"format-standard","5":"has-post-thumbnail","7":"category-in-primo-piano","8":"entry"},"_links":{"self":[{"href":"http:\/\/www.rapsodiaonline.it\/index.php?rest_route=\/wp\/v2\/posts\/5298","targetHints":{"allow":["GET"]}}],"collection":[{"href":"http:\/\/www.rapsodiaonline.it\/index.php?rest_route=\/wp\/v2\/posts"}],"about":[{"href":"http:\/\/www.rapsodiaonline.it\/index.php?rest_route=\/wp\/v2\/types\/post"}],"author":[{"embeddable":true,"href":"http:\/\/www.rapsodiaonline.it\/index.php?rest_route=\/wp\/v2\/users\/1"}],"replies":[{"embeddable":true,"href":"http:\/\/www.rapsodiaonline.it\/index.php?rest_route=%2Fwp%2Fv2%2Fcomments&post=5298"}],"version-history":[{"count":1,"href":"http:\/\/www.rapsodiaonline.it\/index.php?rest_route=\/wp\/v2\/posts\/5298\/revisions"}],"predecessor-version":[{"id":5300,"href":"http:\/\/www.rapsodiaonline.it\/index.php?rest_route=\/wp\/v2\/posts\/5298\/revisions\/5300"}],"wp:featuredmedia":[{"embeddable":true,"href":"http:\/\/www.rapsodiaonline.it\/index.php?rest_route=\/wp\/v2\/media\/5299"}],"wp:attachment":[{"href":"http:\/\/www.rapsodiaonline.it\/index.php?rest_route=%2Fwp%2Fv2%2Fmedia&parent=5298"}],"wp:term":[{"taxonomy":"category","embeddable":true,"href":"http:\/\/www.rapsodiaonline.it\/index.php?rest_route=%2Fwp%2Fv2%2Fcategories&post=5298"},{"taxonomy":"post_tag","embeddable":true,"href":"http:\/\/www.rapsodiaonline.it\/index.php?rest_route=%2Fwp%2Fv2%2Ftags&post=5298"}],"curies":[{"name":"wp","href":"https:\/\/api.w.org\/{rel}","templated":true}]}}