{"id":5215,"date":"2022-03-16T14:23:52","date_gmt":"2022-03-16T14:23:52","guid":{"rendered":"http:\/\/www.rapsodiaonline.it\/?p=5215"},"modified":"2022-03-16T14:35:05","modified_gmt":"2022-03-16T14:35:05","slug":"vittorie-oltre-i-banchi-di-scuola","status":"publish","type":"post","link":"http:\/\/www.rapsodiaonline.it\/?p=5215","title":{"rendered":"Vittorie oltre i banchi di scuola"},"content":{"rendered":"\n<p>Mi chiamo Sarah Nencini e frequento l\u2019ultimo anno presso il Liceo Classico di Pisa. Lo scorso 5 luglio ho partecipato al Campionato Nazionale di ginnastica ritmica tenutosi presso Roma. I risultati hanno superato ogni aspettativa: sono riuscita a classificarmi prima e seconda in due specialit\u00e0 differenti, ovvero clavette e misto cerchio-nastro.<\/p>\n<p>\u00a0<\/p>\n<p>Le 4 giornate di competizione hanno contato circa 2000 atlete di cui 150 erano mie avversarie. La competizione \u00e8 iniziata la mattina del 5 luglio quando ho presentato il mio primo esercizio: quello a clavette. La preoccupazione era molta per un attrezzo cos\u00ec difficile, ma tutto sommato ero abbastanza tranquilla. Entrata in pedana, la sensazione era strana poich\u00e9, a causa del covid, erano quasi due anni che non avevano pi\u00f9 luogo gare a livello nazionale. Una volta fatto l\u2019esercizio e scaricata la tensione, \u00e8 stato il momento delle foto seguito poi dalla premiazione: mi ero classificata seconda.<\/p>\n<p>\u00a0<\/p>\n<p><img loading=\"lazy\" decoding=\"async\" class=\"size-medium wp-image-5216 alignright\" src=\"http:\/\/www.rapsodiaonline.it\/wp-content\/uploads\/2022\/03\/c121e4f9-3bfc-41b9-b08b-5858a8417c14-300x208.jpeg\" alt=\"\" width=\"300\" height=\"208\" srcset=\"http:\/\/www.rapsodiaonline.it\/wp-content\/uploads\/2022\/03\/c121e4f9-3bfc-41b9-b08b-5858a8417c14-300x208.jpeg 300w, http:\/\/www.rapsodiaonline.it\/wp-content\/uploads\/2022\/03\/c121e4f9-3bfc-41b9-b08b-5858a8417c14.jpeg 599w\" sizes=\"auto, (max-width: 300px) 100vw, 300px\" \/>Dopo i pianti di gioia dovevo nuovamente trovare la concentrazione\u00a0 per eseguire l\u2019altra gara ovvero il misto cerchio-nastro. L\u2019ansia era maggiore poich\u00e9 l\u2019esercizio era pi\u00f9 difficile e non volevo deludere n\u00e9 me stessa n\u00e9 le mie allenatrici. Prima di entrare in pedana, un senso di nostalgia mi ha pervasa poich\u00e9 sapevo che, a causa di un grave infortunio alle schiena, sarebbe stata la mia ultima competizione davanti a un vasto pubblico ma, iniziato il mio esercizio, l\u2019unico pensiero \u00e8 stato quello di godermi questa ultima esperienza e di divertirmi. L\u2019esercizio \u00e8 andato particolarmente bene. Cos\u00ec ho finito il mio ultimo nazionale. Dopo i vari brindisi con allenatrici e compagne, mancava solo la premiazione. Non mi aspettavo grandi risultati, poich\u00e9 gi\u00e0 il secondo posto a clavette per me era un sogno.<\/p>\n<p>\u00a0<\/p>\n<p>Con gioia indescrivibile ho ricevuto i complimenti del Dirigente della Federazione Italiana ma la parte migliore doveva sempre arrivare: mentre stavamo cenando mi hanno comunicato che avevano intenzione di propormi un contratto di lavoro come allenatrice nella societ\u00e0 dove io ero cresciuta come atleta. Ovviamente ho accettato subito senza pensarci. Attualmente lavoro come allenatrice e non cambierei mai nessuna parte del mio percorso.<\/p>\n<p>Sarah Nencini (classe IIIA\u00a0<\/p>\n","protected":false},"excerpt":{"rendered":"<p>Mi chiamo Sarah Nencini e frequento l\u2019ultimo anno presso il Liceo Classico di Pisa. Lo scorso 5 luglio ho partecipato al Campionato Nazionale di ginnastica ritmica tenutosi presso Roma. I risultati hanno superato ogni aspettativa: sono riuscita a classificarmi prima e seconda in due specialit\u00e0 differenti, ovvero clavette e misto cerchio-nastro. \u00a0 Le 4 giornate [&hellip;]<\/p>\n","protected":false},"author":1,"featured_media":0,"comment_status":"open","ping_status":"open","sticky":false,"template":"","format":"standard","meta":{"_genesis_hide_title":false,"_genesis_hide_breadcrumbs":false,"_genesis_hide_singular_image":false,"_genesis_hide_footer_widgets":false,"_genesis_custom_body_class":"","_genesis_custom_post_class":"","_genesis_layout":"","footnotes":""},"categories":[20],"tags":[],"class_list":{"0":"post-5215","1":"post","2":"type-post","3":"status-publish","4":"format-standard","6":"category-sport-evento-della-settimana","7":"entry","8":"has-post-thumbnail"},"_links":{"self":[{"href":"http:\/\/www.rapsodiaonline.it\/index.php?rest_route=\/wp\/v2\/posts\/5215","targetHints":{"allow":["GET"]}}],"collection":[{"href":"http:\/\/www.rapsodiaonline.it\/index.php?rest_route=\/wp\/v2\/posts"}],"about":[{"href":"http:\/\/www.rapsodiaonline.it\/index.php?rest_route=\/wp\/v2\/types\/post"}],"author":[{"embeddable":true,"href":"http:\/\/www.rapsodiaonline.it\/index.php?rest_route=\/wp\/v2\/users\/1"}],"replies":[{"embeddable":true,"href":"http:\/\/www.rapsodiaonline.it\/index.php?rest_route=%2Fwp%2Fv2%2Fcomments&post=5215"}],"version-history":[{"count":1,"href":"http:\/\/www.rapsodiaonline.it\/index.php?rest_route=\/wp\/v2\/posts\/5215\/revisions"}],"predecessor-version":[{"id":5218,"href":"http:\/\/www.rapsodiaonline.it\/index.php?rest_route=\/wp\/v2\/posts\/5215\/revisions\/5218"}],"wp:attachment":[{"href":"http:\/\/www.rapsodiaonline.it\/index.php?rest_route=%2Fwp%2Fv2%2Fmedia&parent=5215"}],"wp:term":[{"taxonomy":"category","embeddable":true,"href":"http:\/\/www.rapsodiaonline.it\/index.php?rest_route=%2Fwp%2Fv2%2Fcategories&post=5215"},{"taxonomy":"post_tag","embeddable":true,"href":"http:\/\/www.rapsodiaonline.it\/index.php?rest_route=%2Fwp%2Fv2%2Ftags&post=5215"}],"curies":[{"name":"wp","href":"https:\/\/api.w.org\/{rel}","templated":true}]}}