{"id":4943,"date":"2021-11-19T13:51:17","date_gmt":"2021-11-19T13:51:17","guid":{"rendered":"http:\/\/www.rapsodiaonline.it\/?p=4943"},"modified":"2021-11-19T13:52:27","modified_gmt":"2021-11-19T13:52:27","slug":"maestri-e-allievi-contro-il-fascismo-linteressante-indagine-svolta-dal-professor-bucciarelli","status":"publish","type":"post","link":"http:\/\/www.rapsodiaonline.it\/?p=4943","title":{"rendered":"&#8220;Maestri e allievi contro il fascismo&#8221;: l&#8217;interessante indagine svolta dal professor Bucciarelli"},"content":{"rendered":"\n<p><span style=\"font-weight: 400;\"><img loading=\"lazy\" decoding=\"async\" class=\"size-medium wp-image-4945 alignright\" src=\"http:\/\/www.rapsodiaonline.it\/wp-content\/uploads\/2021\/11\/Locandina-presentazione-208x300.png\" alt=\"\" width=\"208\" height=\"300\" srcset=\"http:\/\/www.rapsodiaonline.it\/wp-content\/uploads\/2021\/11\/Locandina-presentazione-208x300.png 208w, http:\/\/www.rapsodiaonline.it\/wp-content\/uploads\/2021\/11\/Locandina-presentazione.png 411w\" sizes=\"auto, (max-width: 208px) 100vw, 208px\" \/>Marted\u00ec 9 novembre, alle 17, presso la Domus Mazziniana di Pisa si \u00e8 tenuta la presentazione del libro di Stefano Bucciarelli &#8220;Maestri e allievi contro il fascismo&#8221;. L&#8217;incontro, promosso dall&#8217;<\/span><i><span style=\"font-weight: 400;\">Istituto per la Storia della Resistenza e dell&#8217;et\u00e0 contemporanea<\/span><\/i><span style=\"font-weight: 400;\"> di Lucca, ha visto la partecipazione di Luciana Bellatalla, docente ordinaria di Storia della Pedagogia e di Storia della scuola e dell&#8217;educazione all&#8217;Universit\u00e0 di Ferrara ed \u00e8 stato moderato dal professor Pietro Finelli, direttore della Domus mazziniana.<\/span><\/p>\n<p><span style=\"font-weight: 400;\">Il libro tratta della riforma scolastica fascista, meglio conosciuta come riforma Gentile nei licei classici, ritenuti da Mussolini stesso &#8220;i pi\u00f9 fascisti&#8221;, e di come questa riforma sia stata da molti contestata in alcuni casi anche apertamente. <\/span><\/p>\n<p><span style=\"font-weight: 400;\"><img loading=\"lazy\" decoding=\"async\" class=\"size-medium wp-image-4946 alignleft\" src=\"http:\/\/www.rapsodiaonline.it\/wp-content\/uploads\/2021\/11\/Maestri-e-allievi-contro-il-fascismo-202x300.png\" alt=\"\" width=\"202\" height=\"300\" srcset=\"http:\/\/www.rapsodiaonline.it\/wp-content\/uploads\/2021\/11\/Maestri-e-allievi-contro-il-fascismo-202x300.png 202w, http:\/\/www.rapsodiaonline.it\/wp-content\/uploads\/2021\/11\/Maestri-e-allievi-contro-il-fascismo.png 425w\" sizes=\"auto, (max-width: 202px) 100vw, 202px\" \/><\/span><span style=\"font-weight: 400;\">La maggioranza degli insegnanti che aderirono al fascismo lo fecero pi\u00f9 per paura delle conseguenze e per continuare a portare uno stipendio a casa che per convinzione nella causa fascista. Certo c&#8217;erano anche insegnanti fermamente convinti, ma erano tanti quanti quelli contrari. <\/span><span style=\"font-weight: 400;\">Alcune scuole elementari dovettero saltare l&#8217;anno scolastico per mancanza di maestri disposti a insegnare con il nuovo libro omologato: questi maestri infatti, preferirono fare scuola a casa loro usando vecchi libri di testo, piuttosto che acconsentire all&#8217;indottrinamento fascista dei propri studenti.<\/span><\/p>\n<p><span style=\"font-weight: 400;\">Ma anche nelle scuole superiori si verificarono episodi di aperta contrariet\u00e0 alla riforma.<\/span><\/p>\n<p><span style=\"font-weight: 400;\">Un esempio \u00e8 quello di Carlo Del Bianco, prima studente e poi insegnante al liceo classico, che durante le gite scolastiche cerc\u00f2 di insegnare ai propri studenti le verit\u00e0 scientifiche e non quelle che il fascio voleva vendere allo scopo di indottrinare le giovani menti. Carlo Del Bianco morir\u00e0 a fianco dei partigiani<\/span><\/p>\n<p><span style=\"font-weight: 400;\">Il preside<\/span> <span style=\"font-weight: 400;\">Ernesto<\/span> <span style=\"font-weight: 400;\">Guidi, di formazione crociana, nonostante a casa avesse mogli e figli, era talmente convinto dei suoi ideali che fu l&#8217;unico in tutta Lucca a non giurare fedelt\u00e0 al fascismo. Subito dopo il suo rifiuto fu costretto a firmare le dimissioni e venne deportato in un campo di concentramento dove tenne un diario in cui scrisse che i docenti del liceo dove insegnava gli avevano detto che, se avessero avuto il suo coraggio, nemmeno loro avrebbero giurato fedelt\u00e0.<\/span><\/p>\n<p><span style=\"font-weight: 400;\">Giuseppe Del Freo, ufficialmente fascista ma ufficiosamente convinto antifascista, fu per questo sorvegliato costantemente durante le lezioni, ma grazie all&#8217;aiuto del preside della scuola e di altri suoi colleghi, alcune delle sue lezioni sfuggirono alla censura fascista.<\/span><\/p>\n<p><span style=\"font-weight: 400;\">E questi sono soltanto tre esempi tra tanti professori che misero a rischio la loro carriera per difendere la libert\u00e0 di pensiero degli studenti. Grazie al loro operato moltissimi alunni, dopo pochi anni dalla fine del percorso di studi, andarono ad aiutare i partigiani.<\/span><\/p>\n<p><span style=\"font-weight: 400;\">Il regime fascista, accortosi dell&#8217;evidente fallimento della riforma Gentile, istitu\u00ec come strumento di \u201clavaggio delle menti\u201d l&#8217;opera Balilla, un extra scuola dedicata all&#8217;indottrinamento fascista. Nelle scuole c&#8217;erano inoltre ore dedicate alla propaganda tenute da persone verificate come fasciste convinte. Tuttavia avvennero episodi come quello di Orazio Camaiori, un ex militare che si era distinto nella prima guerra mondiale, al quale venne dato l&#8217;incarico di andare nelle classi e fare propaganda al fascio. Camaiori invece us\u00f2 queste ore per parlare dell&#8217;insensatezza della guerra e dei suoi orrori. Non appena il fascio se ne accorse, lo depose dal suo incarico e lo sostitu\u00ec con un giornalista fascista. Ma gli studenti, che avevano appreso gli insegnamenti di Camaiori, non subirono passivamente tale cambiamento e, seguendo le orme di molti altri giovani, si unirono ai partigiani.<\/span><\/p>\n<p><span style=\"font-weight: 400;\">\u00c8 quindi evidente che la &#8220;bonifica&#8221; delle menti pianificata dal fascismo non ebbe successo o comunque non quello sperato; a riprova di ci\u00f2 gli insegnanti delle materie su cui il fascio aveva imposto le sue modifiche ovvero storia, filosofia e letteratura trovarono escamotage per insegnare la propria materia come dovevano e gli insegnanti di materie pi\u00f9 pratiche come matematica, fisica e scienze trasformarono le loro materie in un semplice dare nozioni agli studenti.<\/span><\/p>\n<p><span style=\"font-weight: 400;\"><img loading=\"lazy\" decoding=\"async\" class=\"size-medium wp-image-4944 alignright\" src=\"http:\/\/www.rapsodiaonline.it\/wp-content\/uploads\/2021\/11\/Professore-Bucciarelli-296x300.png\" alt=\"\" width=\"296\" height=\"300\" srcset=\"http:\/\/www.rapsodiaonline.it\/wp-content\/uploads\/2021\/11\/Professore-Bucciarelli-296x300.png 296w, http:\/\/www.rapsodiaonline.it\/wp-content\/uploads\/2021\/11\/Professore-Bucciarelli.png 414w\" sizes=\"auto, (max-width: 296px) 100vw, 296px\" \/>A conclusione del libro il professor Bucciarelli si \u00e8 posto la seguente domanda: \u201cVa bene, questo \u00e8 valido per i licei, che del resto erano l&#8217;obiettivo principale della riforma, ma sarebbe curioso sapere come la riforma Gentile abbia cambiato gli istituti professionali e tecnici e come essi siano riusciti a sopravvivere all\u2019indottrinamento\u201d.<\/span><\/p>\n<p><span style=\"font-weight: 400;\">Chiss\u00e0 se a questo tema il professor Bucciarelli dedicher\u00e0 il prossimo lavoro!<\/span><\/p>\n<p>\u00a0<\/p>\n<p>\u00a0<\/p>\n<p>Alessandro Ghelardi &#8211; IB (Liceo classico)<\/p>\n","protected":false},"excerpt":{"rendered":"<p>Marted\u00ec 9 novembre, alle 17, presso la Domus Mazziniana di Pisa si \u00e8 tenuta la presentazione del libro di Stefano Bucciarelli &#8220;Maestri e allievi contro il fascismo&#8221;. L&#8217;incontro, promosso dall&#8217;Istituto per la Storia della Resistenza e dell&#8217;et\u00e0 contemporanea di Lucca, ha visto la partecipazione di Luciana Bellatalla, docente ordinaria di Storia della Pedagogia e di [&hellip;]<\/p>\n","protected":false},"author":1,"featured_media":4945,"comment_status":"open","ping_status":"open","sticky":false,"template":"","format":"standard","meta":{"_genesis_hide_title":false,"_genesis_hide_breadcrumbs":false,"_genesis_hide_singular_image":false,"_genesis_hide_footer_widgets":false,"_genesis_custom_body_class":"","_genesis_custom_post_class":"","_genesis_layout":"","footnotes":""},"categories":[18],"tags":[],"class_list":{"0":"post-4943","1":"post","2":"type-post","3":"status-publish","4":"format-standard","5":"has-post-thumbnail","7":"category-visto-letto-sentito","8":"entry"},"_links":{"self":[{"href":"http:\/\/www.rapsodiaonline.it\/index.php?rest_route=\/wp\/v2\/posts\/4943","targetHints":{"allow":["GET"]}}],"collection":[{"href":"http:\/\/www.rapsodiaonline.it\/index.php?rest_route=\/wp\/v2\/posts"}],"about":[{"href":"http:\/\/www.rapsodiaonline.it\/index.php?rest_route=\/wp\/v2\/types\/post"}],"author":[{"embeddable":true,"href":"http:\/\/www.rapsodiaonline.it\/index.php?rest_route=\/wp\/v2\/users\/1"}],"replies":[{"embeddable":true,"href":"http:\/\/www.rapsodiaonline.it\/index.php?rest_route=%2Fwp%2Fv2%2Fcomments&post=4943"}],"version-history":[{"count":1,"href":"http:\/\/www.rapsodiaonline.it\/index.php?rest_route=\/wp\/v2\/posts\/4943\/revisions"}],"predecessor-version":[{"id":4947,"href":"http:\/\/www.rapsodiaonline.it\/index.php?rest_route=\/wp\/v2\/posts\/4943\/revisions\/4947"}],"wp:featuredmedia":[{"embeddable":true,"href":"http:\/\/www.rapsodiaonline.it\/index.php?rest_route=\/wp\/v2\/media\/4945"}],"wp:attachment":[{"href":"http:\/\/www.rapsodiaonline.it\/index.php?rest_route=%2Fwp%2Fv2%2Fmedia&parent=4943"}],"wp:term":[{"taxonomy":"category","embeddable":true,"href":"http:\/\/www.rapsodiaonline.it\/index.php?rest_route=%2Fwp%2Fv2%2Fcategories&post=4943"},{"taxonomy":"post_tag","embeddable":true,"href":"http:\/\/www.rapsodiaonline.it\/index.php?rest_route=%2Fwp%2Fv2%2Ftags&post=4943"}],"curies":[{"name":"wp","href":"https:\/\/api.w.org\/{rel}","templated":true}]}}