{"id":4914,"date":"2021-10-29T17:16:30","date_gmt":"2021-10-29T17:16:30","guid":{"rendered":"http:\/\/www.rapsodiaonline.it\/?p=4914"},"modified":"2021-10-29T17:28:11","modified_gmt":"2021-10-29T17:28:11","slug":"ddl-zan-storia-infelice-di-una-legge-di-civilta","status":"publish","type":"post","link":"http:\/\/www.rapsodiaonline.it\/?p=4914","title":{"rendered":"DDL ZAN: storia infelice di una legge di civilt\u00e0"},"content":{"rendered":"\n<p><img loading=\"lazy\" decoding=\"async\" class=\"alignnone size-medium wp-image-4918\" src=\"http:\/\/www.rapsodiaonline.it\/wp-content\/uploads\/2021\/10\/Immagine-Palazzo-Madama-300x199.jpg\" alt=\"\" width=\"300\" height=\"199\" srcset=\"http:\/\/www.rapsodiaonline.it\/wp-content\/uploads\/2021\/10\/Immagine-Palazzo-Madama-300x199.jpg 300w, http:\/\/www.rapsodiaonline.it\/wp-content\/uploads\/2021\/10\/Immagine-Palazzo-Madama.jpg 334w\" sizes=\"auto, (max-width: 300px) 100vw, 300px\" \/>Mercoled\u00ec 27 ottobre 2021 il DDL ZAN \u00e8 ufficialmente morto e con lui anche le speranze di una politica italiana migliore. Alcuni diranno che sono\u00a0esagerato ma questa \u00e8 la dura verit\u00e0.<\/p>\n<p><img loading=\"lazy\" decoding=\"async\" class=\"size-medium wp-image-4915 alignright\" src=\"http:\/\/www.rapsodiaonline.it\/wp-content\/uploads\/2021\/10\/Immagine-Zan-223x300.png\" alt=\"\" width=\"223\" height=\"300\" \/>Il <strong>DDL ZAN <\/strong>era un disegno di legge proposto da Alessandro Zan, esponente del Partito Democratico, e aveva <strong>l\u2019obiettivo di prevenire e di contrastare la discriminazione e la violenza per motivi fondati sul sesso, sul genere, sull<\/strong>\u2019<strong>orientamento sessuale, sull<\/strong>\u2019<strong>identita\u0300 di genere e sulla disabilita\u0300<\/strong>. Nel concreto il disegno di legge proponeva:<\/p>\n<ul>\n<li>di definire: sesso, genere, orientamento sessuale e identit\u00e0 di genere;<\/li>\n<li>di introdurre sesso, genere, orientamento sessuale, identit\u00e0 di genere e disabilit\u00e0 tra i moventi dei reati d\u2019odio contenuti nell\u2019articolo 604-bis del codice penale prevedendo una multa fino a 6mila euro o la reclusione fino a un anno e 6 mesi per chi istiga a commettere tali atti di discriminazione, mentre per chi istiga o commette atti violenti per le stesse motivazioni \u00e8 prevista la reclusione da 6 mesi fino a 4 anni;<\/li>\n<li>di stabilire, come circostanza aggravante, il commettere reati in ragione del sesso, genere, orientamento sessuale, identit\u00e0 di genere o disabilit\u00e0 della vittima, attraverso la modifica dell\u2019articolo 604-ter del codice penale;<\/li>\n<li>di riconoscere le donne e le persone di orientamento diverso da quella eterosessuale come persone vulnerabili all\u2019interno dell\u2019articolo 90-quarter, comma 1 del codice di procedura penale;<\/li>\n<li>di istituire la data 17 maggio come Giornata nazionale contro l\u2019omofobia, la lesbofobia, la bifobia e la transfobia per promuovere la cultura del rispetto con iniziative nelle scuole di ogni ordine e grado;<\/li>\n<li>di incaricare l\u2019Ufficio nazionale antidiscriminazioni razziali di elaborare una strategia nazionale per prevenire e contrastare le discriminazioni;<\/li>\n<li>di istituire un fondo di 4 milioni di euro per le politiche relative ai diritti e alle pari opportunit\u00e0, con l\u2019istituzione di centri contro le discriminazioni;<\/li>\n<li>di far realizzare all\u2019Istat una rilevazione delle discriminazioni e degli atti di violenza, almeno ogni tre anni, per adottare delle strategie adatte contro questi fenomeni di violenza.<\/li>\n<\/ul>\n<p><img loading=\"lazy\" decoding=\"async\" class=\"size-medium wp-image-4916 alignright\" src=\"http:\/\/www.rapsodiaonline.it\/wp-content\/uploads\/2021\/10\/Immagine-Presidente-Commissione-193x300.png\" alt=\"\" width=\"193\" height=\"300\" srcset=\"http:\/\/www.rapsodiaonline.it\/wp-content\/uploads\/2021\/10\/Immagine-Presidente-Commissione-193x300.png 193w, http:\/\/www.rapsodiaonline.it\/wp-content\/uploads\/2021\/10\/Immagine-Presidente-Commissione.png 550w\" sizes=\"auto, (max-width: 193px) 100vw, 193px\" \/>Dopo circa un anno, il 4 novembre 2020, il Disegno di Legge \u00e8 stato approvato dalla Camera dei Deputati passando alla Commissione di Giustizia del Senato. Tale commissione l\u2019ha tenuto\u00a0bloccato per diversi mesi a causa dell\u2019ostruzionismo della Lega e di Fratelli d\u2019Italia con l\u2019appoggio del presidente della commissione, l\u2019onorevole Ostellari (esponente della Lega).<\/p>\n<p>Finalmente il disegno \u00e8 stato calendarizzato in Senato ma, non appena viene presentato in aula, si sono avuti numerosi rinvii. Nel frattempo Lega, Fratelli d\u2019Italia, Forza Italia e Italia Viva (anche se quest\u2019ultima aveva votato il DDL alla Camera) hanno chiesto a LeU, PD e al Movimento 5 stelle di accettare modifiche riguardo:<\/p>\n<ul>\n<li>all\u2019articolo 1, con la proposta di eliminare il riferimento all\u2019identit\u00e0 di genere;<\/li>\n<li>all\u2019articolo 4, in quanto limiterebbe la libert\u00e0 di espressione, mentre l\u2019articolo prevede che: <em>\u201cAi fini della presente legge, sono fatte salve la libera espressione di convincimenti od opinioni nonche\u0301 le condotte legittime riconducibili al pluralismo delle idee o alla liberta\u0300 delle scelte, purche\u0301 non idonee a determinare il concreto pericolo del compimento di atti discriminatori o violenti.\u201d.<\/em><\/li>\n<li>all\u2019articolo 7, legato alla celebrazione della Giornata nazionale contro l\u2019omofobia, la lesbofobia, la bifobia e la transfobia nelle scuole di ogni ordine e grado.<\/li>\n<\/ul>\n<p><img loading=\"lazy\" decoding=\"async\" class=\"size-medium wp-image-4917 alignright\" src=\"http:\/\/www.rapsodiaonline.it\/wp-content\/uploads\/2021\/10\/Immagine-Monsignor-Gallagher-203x300.png\" alt=\"\" width=\"203\" height=\"300\" \/>Il 17 giugno anche lo Stato del Vaticano si era pronunciato in merito al DDL Zan presentando al governo una richiesta formale al governo italiano attraverso il Segretario per i rapporti con gli Stati, monsignor Paul Richard Gallagher. Prima non era mai accaduto. Nella \u201cnota verbale\u201d \u00e8 stato sostenuto che il DDL violerebbe il Concordato e, cos\u00ec come da quest\u2019ultimo stabilito, impedirebbe alla Chiesa di continuare a svolgere liberamente la sua azione pastorale, educativa e sociale. Il Vescovo di Ventimiglia-Sanremo Antonio Suetta ha inoltre definito il disegno di legge: \u201cUn attacco teologico ai pilastri della dottrina cattolica\u201d.<\/p>\n<p><img loading=\"lazy\" decoding=\"async\" class=\"size-medium wp-image-4918 alignleft\" src=\"http:\/\/www.rapsodiaonline.it\/wp-content\/uploads\/2021\/10\/Immagine-Palazzo-Madama-300x199.jpg\" alt=\"\" width=\"300\" height=\"199\" srcset=\"http:\/\/www.rapsodiaonline.it\/wp-content\/uploads\/2021\/10\/Immagine-Palazzo-Madama-300x199.jpg 300w, http:\/\/www.rapsodiaonline.it\/wp-content\/uploads\/2021\/10\/Immagine-Palazzo-Madama.jpg 334w\" sizes=\"auto, (max-width: 300px) 100vw, 300px\" \/>Fatto sta che l\u2019accordo tra le forze politiche non si \u00e8 trovato e il 27 ottobre 2021 si \u00e8 deciso di votare il disegno di legge al Senato. Durante la seduta Fratelli d&#8217;Italia e Lega hanno proposto al presidente del Senato Casellati (esponente di Forza Italia) la cosiddetta \u201ctagliola\u201d, procedura parlamentare prevista dall\u2019articolo 96 del Regolamento del Senato in base alla quale &#8220;prima che abbia inizio l&#8217;esame degli articoli di un disegno di legge, un senatore per ciascun Gruppo pu\u00f2 avanzare la proposta che non si passi a tale esame\u201d. La proposta \u00e8 stata ritenuta ammissibile dalla Presidente, \u00e8 stata successivamente votata dai senatori a scrutinio segreto ed \u00e8 stata accolta anche dal Senato con il conseguente blocco dell\u2019iter del DDL Zan per almeno sei mesi, periodo necessario a ripresentare e ridiscutere un nuovo testo sull\u2019argomento.<\/p>\n<p>A seguito dell\u2019esito della votazione esponenti di Lega, Forza Italia, Fratelli d\u2019Italia e Italia Viva hanno esultato e applaudito.<\/p>\n<p>Mercoled\u00ec 27 ottobre 2021 con l\u2019affossamento del DDL Zan i politici italiani si sono dimostrati ancora una volta incapaci di comprendere le necessit\u00e0 della societ\u00e0 che dovrebbero rappresentare.<\/p>\n<p>Ma veramente l\u2019Italia si pu\u00f2 permettere di essere guidata da un Parlamento avulso dalla realt\u00e0 e privo di alcuna sensibilit\u00e0 reale nei confronti dei diritti civili di ognuno di noi?<\/p>\n<p>Francesco Angelo Tropiano (IIIB &#8211; Liceo classico)<\/p>\n\n\n","protected":false},"excerpt":{"rendered":"<p>Mercoled\u00ec 27 ottobre 2021 il DDL ZAN \u00e8 ufficialmente morto e con lui anche le speranze di una politica italiana migliore. Alcuni diranno che sono\u00a0esagerato ma questa \u00e8 la dura verit\u00e0. Il DDL ZAN era un disegno di legge proposto da Alessandro Zan, esponente del Partito Democratico, e aveva l\u2019obiettivo di prevenire e di contrastare [&hellip;]<\/p>\n","protected":false},"author":1,"featured_media":4919,"comment_status":"open","ping_status":"open","sticky":false,"template":"","format":"standard","meta":{"_genesis_hide_title":false,"_genesis_hide_breadcrumbs":false,"_genesis_hide_singular_image":false,"_genesis_hide_footer_widgets":false,"_genesis_custom_body_class":"","_genesis_custom_post_class":"","_genesis_layout":"","footnotes":""},"categories":[3,32],"tags":[],"class_list":{"0":"post-4914","1":"post","2":"type-post","3":"status-publish","4":"format-standard","5":"has-post-thumbnail","7":"category-in-primo-piano","8":"category-contemporaneamente","9":"entry"},"_links":{"self":[{"href":"http:\/\/www.rapsodiaonline.it\/index.php?rest_route=\/wp\/v2\/posts\/4914","targetHints":{"allow":["GET"]}}],"collection":[{"href":"http:\/\/www.rapsodiaonline.it\/index.php?rest_route=\/wp\/v2\/posts"}],"about":[{"href":"http:\/\/www.rapsodiaonline.it\/index.php?rest_route=\/wp\/v2\/types\/post"}],"author":[{"embeddable":true,"href":"http:\/\/www.rapsodiaonline.it\/index.php?rest_route=\/wp\/v2\/users\/1"}],"replies":[{"embeddable":true,"href":"http:\/\/www.rapsodiaonline.it\/index.php?rest_route=%2Fwp%2Fv2%2Fcomments&post=4914"}],"version-history":[{"count":1,"href":"http:\/\/www.rapsodiaonline.it\/index.php?rest_route=\/wp\/v2\/posts\/4914\/revisions"}],"predecessor-version":[{"id":4920,"href":"http:\/\/www.rapsodiaonline.it\/index.php?rest_route=\/wp\/v2\/posts\/4914\/revisions\/4920"}],"wp:featuredmedia":[{"embeddable":true,"href":"http:\/\/www.rapsodiaonline.it\/index.php?rest_route=\/wp\/v2\/media\/4919"}],"wp:attachment":[{"href":"http:\/\/www.rapsodiaonline.it\/index.php?rest_route=%2Fwp%2Fv2%2Fmedia&parent=4914"}],"wp:term":[{"taxonomy":"category","embeddable":true,"href":"http:\/\/www.rapsodiaonline.it\/index.php?rest_route=%2Fwp%2Fv2%2Fcategories&post=4914"},{"taxonomy":"post_tag","embeddable":true,"href":"http:\/\/www.rapsodiaonline.it\/index.php?rest_route=%2Fwp%2Fv2%2Ftags&post=4914"}],"curies":[{"name":"wp","href":"https:\/\/api.w.org\/{rel}","templated":true}]}}