{"id":4887,"date":"2021-10-26T17:23:22","date_gmt":"2021-10-26T17:23:22","guid":{"rendered":"http:\/\/www.rapsodiaonline.it\/?p=4887"},"modified":"2021-10-27T10:18:46","modified_gmt":"2021-10-27T10:18:46","slug":"elezioni-rappresentanti-distituto-2021","status":"publish","type":"post","link":"http:\/\/www.rapsodiaonline.it\/?p=4887","title":{"rendered":"Elezioni rappresentanti d\u2019Istituto 2021"},"content":{"rendered":"\n<p>Gioved\u00ec 28 ottobre si voter\u00e0 per eleggere i nuovi rappresentanti d\u2019Istituto.<\/p>\n<p>Il giornalino della scuola Rapsodiaonline ha chiesto ai candidati delle cinque liste di presentarsi e di dirci per quale motivo gli studenti dell\u2019IIS Galilei-Pacinotti li dovrebbero votare.<\/p>\n<p><strong>LISTA 1: Paolo Senatore e Rebecca Josi della II B\u00a0<br \/><\/strong>(Instagram: @listaverza_galileipacinotti)<\/p>\n<p><img loading=\"lazy\" decoding=\"async\" class=\"size-medium wp-image-4895 alignright\" src=\"http:\/\/www.rapsodiaonline.it\/wp-content\/uploads\/2021\/10\/Lista-1-300x293.png\" alt=\"\" width=\"300\" height=\"293\" srcset=\"http:\/\/www.rapsodiaonline.it\/wp-content\/uploads\/2021\/10\/Lista-1-300x293.png 300w, http:\/\/www.rapsodiaonline.it\/wp-content\/uploads\/2021\/10\/Lista-1.png 480w\" sizes=\"auto, (max-width: 300px) 100vw, 300px\" \/>\u201cCiao a tutti, siamo Paolo Senatore e Rebecca Josi della II liceo B, e siamo i candidati della lista verza- ci apriamo per voi (LISTA 1). Abbiamo deciso di candidarci perch\u00e9 siamo sempre stati affascinati, sin dagli inizi come rappresentanti di classe, dal poter fare la differenza e aiutare veramente gli studenti e le loro (nonch\u00e9 nostre) necessit\u00e0. Il nostro obiettivo in primis \u00e8 quello di portare le criticit\u00e0 avvertite dagli studenti non solo del liceo classico, ma anche del Pacinotti, all\u2019attenzione del Consiglio di Istituto. \u00c8 importantissimo per noi che la figura del rappresentante di Istituto sia un punto di riferimento saldo, il cui ruolo viene svolto con determinazione, sincerit\u00e0, concretezza e trasparenza. Dopo 4 anni in questa scuola, e il susseguirsi di vari rappresentanti, ci siamo resi conto ormai di quali siano le risorse che abbiamo a disposizione; proprio per questo i nostri punti sono frutto di studio e approfondimento: sarebbe inutile e disonesto portarvi proposte bellissime senza poi poterle realizzare in quella che \u00e8 la nostra realt\u00e0 scolastica. La nostra volont\u00e0, dunque, \u00e8 quella di proporre progetti realizzabili e allo stesso tempo ascoltare le idee degli studenti senza limiti ideologici, riuscendo ad andare con lo sguardo pi\u00f9 in l\u00e0 di quest\u2019anno, per migliorare le prospettive future. Il fatto di essere ancora al quarto anno, infatti, ci consente di portare avanti la carica almeno fino a novembre del prossimo anno, conferendo una maggiore stabilit\u00e0 al consiglio di istituto. Nel caso vogliate vedere le nostre proposte oppure farci qualche domanda potete trovarci su Instagram (@listaverza_galileipacinotti).&#8221;<\/p>\n<p>Scegliete bene, Paolo e Rebecca.<\/p>\n<p><strong>LISTA 2: Leonardo Ciaramella della II B, Giorgia Taddei, Lavinia De Rensis\u00a0 e Simona Miloti della III C (Instagram: @listaportone_bussateci)<\/strong><\/p>\n<p>\u201cNon \u00e8 stato facile. Non \u00e8 stato facile decidere di candidarci, tanti impegni, tanta stanchezza, tanto lavoro, trova il nome, trova altri disposti a farlo.<img loading=\"lazy\" decoding=\"async\" class=\"size-medium wp-image-4897 alignright\" src=\"http:\/\/www.rapsodiaonline.it\/wp-content\/uploads\/2021\/10\/Lista-2-283x300.png\" alt=\"\" width=\"283\" height=\"300\" srcset=\"http:\/\/www.rapsodiaonline.it\/wp-content\/uploads\/2021\/10\/Lista-2-283x300.png 283w, http:\/\/www.rapsodiaonline.it\/wp-content\/uploads\/2021\/10\/Lista-2.png 491w\" sizes=\"auto, (max-width: 283px) 100vw, 283px\" \/> Non \u00e8 stato facile mettere poi d\u2019accordo 4 persone su come gestire una cosa per noi nuova (per qualcuno almeno) e sicuramente non semplice: pagina s\u00ec, pagina no; volantino si volantino no; chiamata oggi o domani? Non \u00e8 stato facile mettere insieme i punti, esposti a voi in 10 minuti ma con un lavoro di giorni, perch\u00e9 non dovevano solo essere belli da vedere; dovevano essere utili, realizzabili ed efficaci. Non \u00e8 stato facile parlare davanti a tutta la scuola, esponendoci di fronte ad amici, compagni di classe, studenti e docenti. Ma lo abbiamo fatto; abbiamo fatto tutto quello che potevamo per un solo scopo finale, cambiare le cose. Per questo ci siamo candidati: per il cambiamento, come tutti del resto. Quello che per\u00f2 noi vi vogliamo promettere \u00e8 il nostro continuo impegno per ottenerlo davvero quel cambiamento, per ottenere davvero la scuola inclusiva, formativa e aperta che tutti vogliamo. l\u2019impegn\u00f2 non si esaurisce una volta eletti, il vero impegno inizia da quel momento e ciascuno di noi \u00e8 qui per provare, se ci concedete l\u2019onore, a dimostrarvelo. Non abbiamo intenzione di dire votaci e sarai pi\u00f9 fortunato, noi vi invitiamo a bussare lista 2 perch\u00e9 noi ci impegniamo. Non ci interessa quanto non sia facile, noi siamo qui per superare i nostri stessi limiti, noi siamo qui perch\u00e9 ci importa.&#8221;<\/p>\n<p>Giorgia Taddei, IIIC<br \/>Lavinia De Rensis, IIIC<br \/>Leonardo Ciaramella, IIB<br \/>Simona Miloti, IIIC<\/p>\n<p><strong>LISTA 3: Samuele Fantozzi e Giulio Maria Pupeschi della II D <\/strong><strong>(Instagram: @lista_indipendenza)<\/strong><\/p>\n<p>\u201cSiamo Samuele Fantozzi e Giulio Maria Pupeschi della II D del liceo classico e ci presentiamo quest&#8217;anno come rappresentanti d&#8217;istituto come lista Indipendenza \u2013 lista 3. La scuola che frequentiamo tutti i giorni e in cui passiamo molte ore quotidianamente dovrebbe essere un luogo dove ci sentiamo accolti e a nostro agio, purtroppo per\u00f2 spesso non \u00e8 cos\u00ec per noi studenti, perch\u00e9 la nostra scuola non \u00e8 davvero Nostra, in quanto non<img loading=\"lazy\" decoding=\"async\" class=\"size-medium wp-image-4899 alignright\" src=\"http:\/\/www.rapsodiaonline.it\/wp-content\/uploads\/2021\/10\/Lista-3-248x300.png\" alt=\"\" width=\"248\" height=\"300\" srcset=\"http:\/\/www.rapsodiaonline.it\/wp-content\/uploads\/2021\/10\/Lista-3-248x300.png 248w, http:\/\/www.rapsodiaonline.it\/wp-content\/uploads\/2021\/10\/Lista-3.png 379w\" sizes=\"auto, (max-width: 248px) 100vw, 248px\" \/> rispecchia i valori e gli ideali in cui crediamo. Proponiamo quindi una politica e un programma (che potete trovare sulla pagina @lista_indipendenza su instagram) che cerca di soddisfare quelle che sono le nostre esigenze, necessit\u00e0 e desideri. Proponiamo una scuola pi\u00f9 aperta al dialogo, una scuola che sappia ascoltare effettivamente le nostre idee e che sappia concretizzarle quando possibile, che concili la formazione accademica con attivit\u00e0 di interesse collettivo e che sia un punto di riferimento nella vita degli studenti. Puntiamo a una scuola che ci dia i nostri spazi e sia preoccupata ad aiutarci con i nostri problemi, proponendo progetti come l&#8217;aula autogestita, la pausa didattica, le ripetizioni peer to peer, e attivit\u00e0 extracurriculari e di svago per gli studenti. Vogliamo inoltre che la scuola risponda all&#8217;emergenza climatica globale entro le sue capacit\u00e0 e ordini di competenza con piani strutturali e di sensibilizzazione: per questo proponiamo una scuola eco-friendly che sia il meno impattante possibile, con filtri ai rubinetti per rendere l&#8217;acqua potabile e ridurre lo spreco di plastica, rubinetti apri\/chiudi ai termosifoni e pannelli solari. Negli scorsi anni abbiamo sentito fare tante promesse, finite poi nel vuoto. Pensiamo sia arrivata l&#8217;ora di trasformare le parole in fatti, vogliamo che la scuola sia un posto per gli studenti, vogliamo una scuola NOSTRA, una scuola ideale: sostenibile, inclusiva e formativa. Crediamo in un progetto che possa portare la scuola ad essere un luogo dove andiamo volentieri. Crediamo nella comunicazione e nella possibilit\u00e0 di farci ascoltare. E chiunque creda come noi in questi valori, sa gi\u00e0 chi votare a queste elezioni. Votate Lista 3, Lista Indipendenza, per avere finalmente la prova di un cambiamento.\u201d<\/p>\n<p>Samuele Fantozzi IID<strong><br \/><\/strong>Giulio Maria Pupeschi IID<\/p>\n<p><strong>LISTA 4: Lucrezia Favilla e Marina Meucci della III B, Damiano Serao e Godwin Allegrini della 5BT (Instagram: idea__lista_)<\/strong><\/p>\n<p>\u201cPer presentarci, innanzitutto, vogliamo descrivere la nostra lista, che si distingue dalle altre poich\u00e9 \u00e8 una lista mista, ovvero costituita da ragazzi e ragazze del Liceo classico e del Pacinotti. Le nostre due scuole sono una realt\u00e0 unica ormai da cinque anni, quindi perch\u00e9 non dovremmo cercare di abbattere quel muro che ancora ci divide? Ecco la ragione per cui abbiamo deciso di candidarci insieme.<\/p>\n<p>Le parole migliori che potremmo utilizzare per descrivere la nostra lista<img loading=\"lazy\" decoding=\"async\" class=\"size-medium wp-image-4901 alignright\" src=\"http:\/\/www.rapsodiaonline.it\/wp-content\/uploads\/2021\/10\/Lista-4-300x300.png\" alt=\"\" width=\"300\" height=\"300\" srcset=\"http:\/\/www.rapsodiaonline.it\/wp-content\/uploads\/2021\/10\/Lista-4-300x300.png 300w, http:\/\/www.rapsodiaonline.it\/wp-content\/uploads\/2021\/10\/Lista-4-150x150.png 150w, http:\/\/www.rapsodiaonline.it\/wp-content\/uploads\/2021\/10\/Lista-4.png 509w\" sizes=\"auto, (max-width: 300px) 100vw, 300px\" \/> sono \u201cconcretezza\u201d e \u201cdialogo\u201d. Concretezza, poich\u00e9 i nostri punti sono volutamente poco numerosi e realizzabili. Non ci siamo spinti a promettervi qualcosa che vada oltre le possibilit\u00e0 economiche della scuola, o che non pu\u00f2 essere realizzato per problemi burocratici, ma grazie anche all\u2019ausilio di sponsor riusciremo a portare a termine ogni punto del nostro programma.<\/p>\n<p>La seconda parola \u00e8 \u201cdialogo\u201d, dialogo che tra noi studenti e i professori, ma anche tra di noi, \u00e8 mancato l\u2019anno scorso, ma che abbiamo intenzione di mettere di nuovo al centro, per far s\u00ec che ognuno dei nostri problemi sia ascoltato e compreso al meglio.<\/p>\n<p>Questa \u00e8 la miglior descrizione che potessimo fare di noi stessi. Per conoscere nel dettaglio i nostri punti seguiteci su instagram @idea__lista_, o, se avete bisogno di ulteriori chiarimenti, scriveteci. Il 28 fate una scelta, votate Lista 4 Idealista!\u201d<\/p>\n<p>Lucrezia Favilla IIIB<br \/>Marina Meucci III B<br \/>Damiano Serao 5BT<br \/>Godwin Allegrini 5BT<\/p>\n<p><strong>LISTA 5: Simone Fabbrini e Matteo Calderini e Edoardo Morelli della 4 A SIA (Instagram: listapacinotti)<\/strong><\/p>\n<p>\u201cLa nostra Lista offre alcuni punti innovativi, presenti in nessuna lista concorrente: primo su tutti, la nostra Lista presenter\u00e0 la richiesta alla preside di istituire un<strong> parcheggio scooter interno<\/strong>. E&#8217;\u00a0ormai noto che lasciare il proprio scooter nei pressi della scuola sia divenuto un rischio per furti e scassi. La scuola che abbiamo in mente noi deve tutelare al 100% lo studente offrendo la possibilit\u00e0 di parcheggiare, in sicurezza, il mezzo nel cortile.<\/p>\n<p>Durante il periodo elettorale abbiamo avviato contatti con un&#8217;importante<img loading=\"lazy\" decoding=\"async\" class=\"size-medium wp-image-4903 alignright\" src=\"http:\/\/www.rapsodiaonline.it\/wp-content\/uploads\/2021\/10\/Lista-5-300x185.png\" alt=\"\" width=\"300\" height=\"185\" srcset=\"http:\/\/www.rapsodiaonline.it\/wp-content\/uploads\/2021\/10\/Lista-5-300x185.png 300w, http:\/\/www.rapsodiaonline.it\/wp-content\/uploads\/2021\/10\/Lista-5-1024x631.png 1024w, http:\/\/www.rapsodiaonline.it\/wp-content\/uploads\/2021\/10\/Lista-5-768x473.png 768w, http:\/\/www.rapsodiaonline.it\/wp-content\/uploads\/2021\/10\/Lista-5.png 1323w\" sizes=\"auto, (max-width: 300px) 100vw, 300px\" \/> azienda per la fornitura completa del <strong>Merchandising d&#8217;Istituto<\/strong>, cavalcando l&#8217;onda del successo avuto lo scorso anno, proporremo una linea streetwear che possa soddisfare i parametri stilistici della nostra generazione.<\/p>\n<p>Nell&#8217;accordo \u00e8 prevista, inoltre la possibilit\u00e0 di reclutare fotografi professionisti, che, con l&#8217;ausilio di green screen e materiale tecnico garantiranno un&#8217;esperienza innovativa e creativa della <strong>foto di classe.<\/strong><\/p>\n<p>La scuola deve essere anche sinonimo di socialit\u00e0 e divertimento, proporremo<strong> 2 balli d&#8217;Istituto<\/strong>, di cui uno a dicembre e uno finale, a giugno.<\/p>\n<p>Altri punti fondamentali:<\/p>\n<p>&#8211;<strong> processo di transizione ecologica<br \/><\/strong>&#8211;\u00a0<strong>assorbenti gratuiti<br \/><\/strong>&#8211;\u00a0<strong>reintegro delle macchinette e Pancino <br \/>&#8211; <\/strong><strong>specchi nei bagni<\/strong><\/p>\n<p>Perch\u00e9 votarci? Siamo una lista ambiziosa, tutti ragazzi di quarta con l&#8217;obiettivo di dare continuit\u00e0 alle nostre proposte quest&#8217;anno e non solo: l&#8217;importanza di un progetto stabile e duraturo nel tempo garantir\u00e0 il raggiungimento di tutti gli obiettivi prefissati.<\/p>\n<p>Non offriamo false promesse irrealizzabili, vogliamo rendere la scuola un posto migliore e pi\u00f9 confortevole ed il nostro motto racchiude il significato al 100% &#8216;Un nuovo modo di vedere la scuola\u2019. Potete trovare il programma completo sulla nostra pagina Instagram @listapacinotti. Il cambiamento siete Voi, il 28 ottobre fate la scelta giusta, Vota per Noi!&#8221;<\/p>\n<p>Simone Fabbrini 4A SIA<br \/>Matteo Calderini 4A SIA<br \/>Edoardo Morelli 4A SIA<\/p>\n<p style=\"text-align: center;\">_________________________________________<\/p>\n<p>Queste sono le parole dei nostri candidati che hanno tutti a cuore il futuro della nostra scuola e che sono stati gentilissimi a rispondere alle nostre domande.<\/p>\n<p>Ne approfittiamo per ripassare le modalit\u00e0 di voto e il modo in cui verranno eletti i quattro rappresentanti d\u2019Istituto.<\/p>\n<p><strong><img loading=\"lazy\" decoding=\"async\" class=\"size-medium wp-image-4889 alignright\" src=\"http:\/\/www.rapsodiaonline.it\/wp-content\/uploads\/2021\/10\/Immagine2-Modalita-di-voto-300x222.png\" alt=\"\" width=\"300\" height=\"222\" srcset=\"http:\/\/www.rapsodiaonline.it\/wp-content\/uploads\/2021\/10\/Immagine2-Modalita-di-voto-300x222.png 300w, http:\/\/www.rapsodiaonline.it\/wp-content\/uploads\/2021\/10\/Immagine2-Modalita-di-voto.png 393w\" sizes=\"auto, (max-width: 300px) 100vw, 300px\" \/><\/strong><strong>Modalit\u00e0 di voto<\/strong>: si pu\u00f2 votare solo una lista e indicare una o due preferenze della stessa lista. Il voto sar\u00e0 infatti annullato nel momento in cui verranno segnalate due preferenze che non fanno parte di una stessa lista oppure se non verranno segnalate preferenze all\u2019interno della lista votata.<\/p>\n<p><strong>\u00a0<\/strong><strong>I rappresentanti d\u2019Istituto verranno eletti secondo il seguente criterio<\/strong>:<\/p>\n<ul>\n<li>nella prima lista con pi\u00f9 voti verranno eletti i primi due candidati della medesima lista che hanno ottenuto pi\u00f9 voti;<\/li>\n<li>nella seconda lista con pi\u00f9 voti verr\u00e0 eletto il primo candidato della medesima lista che ha ottenuto pi\u00f9 voti;<\/li>\n<li>nella terza lista con pi\u00f9 voti verr\u00e0 eletto il primo candidato della medesima lista che ha ottenuto pi\u00f9 voti.<\/li>\n<\/ul>\n<p><img loading=\"lazy\" decoding=\"async\" class=\"size-full wp-image-4888 aligncenter\" src=\"http:\/\/www.rapsodiaonline.it\/wp-content\/uploads\/2021\/10\/Immagine1-Logo.jpg\" alt=\"\" width=\"207\" height=\"197\" \/><\/p>\n<p>Non resta che augurare vivamente a tutte le liste la possibilit\u00e0 di migliorare la nostra scuola.<\/p>\n<p>Francesco Angelo Tropiano III B<\/p>\n","protected":false},"excerpt":{"rendered":"<p>Gioved\u00ec 28 ottobre si voter\u00e0 per eleggere i nuovi rappresentanti d\u2019Istituto. Il giornalino della scuola Rapsodiaonline ha chiesto ai candidati delle cinque liste di presentarsi e di dirci per quale motivo gli studenti dell\u2019IIS Galilei-Pacinotti li dovrebbero votare. LISTA 1: Paolo Senatore e Rebecca Josi della II B\u00a0(Instagram: @listaverza_galileipacinotti) \u201cCiao a tutti, siamo Paolo Senatore [&hellip;]<\/p>\n","protected":false},"author":1,"featured_media":4890,"comment_status":"open","ping_status":"open","sticky":false,"template":"","format":"standard","meta":{"_genesis_hide_title":false,"_genesis_hide_breadcrumbs":false,"_genesis_hide_singular_image":false,"_genesis_hide_footer_widgets":false,"_genesis_custom_body_class":"","_genesis_custom_post_class":"","_genesis_layout":"","footnotes":""},"categories":[3,32],"tags":[],"class_list":{"0":"post-4887","1":"post","2":"type-post","3":"status-publish","4":"format-standard","5":"has-post-thumbnail","7":"category-in-primo-piano","8":"category-contemporaneamente","9":"entry"},"_links":{"self":[{"href":"http:\/\/www.rapsodiaonline.it\/index.php?rest_route=\/wp\/v2\/posts\/4887","targetHints":{"allow":["GET"]}}],"collection":[{"href":"http:\/\/www.rapsodiaonline.it\/index.php?rest_route=\/wp\/v2\/posts"}],"about":[{"href":"http:\/\/www.rapsodiaonline.it\/index.php?rest_route=\/wp\/v2\/types\/post"}],"author":[{"embeddable":true,"href":"http:\/\/www.rapsodiaonline.it\/index.php?rest_route=\/wp\/v2\/users\/1"}],"replies":[{"embeddable":true,"href":"http:\/\/www.rapsodiaonline.it\/index.php?rest_route=%2Fwp%2Fv2%2Fcomments&post=4887"}],"version-history":[{"count":9,"href":"http:\/\/www.rapsodiaonline.it\/index.php?rest_route=\/wp\/v2\/posts\/4887\/revisions"}],"predecessor-version":[{"id":4912,"href":"http:\/\/www.rapsodiaonline.it\/index.php?rest_route=\/wp\/v2\/posts\/4887\/revisions\/4912"}],"wp:featuredmedia":[{"embeddable":true,"href":"http:\/\/www.rapsodiaonline.it\/index.php?rest_route=\/wp\/v2\/media\/4890"}],"wp:attachment":[{"href":"http:\/\/www.rapsodiaonline.it\/index.php?rest_route=%2Fwp%2Fv2%2Fmedia&parent=4887"}],"wp:term":[{"taxonomy":"category","embeddable":true,"href":"http:\/\/www.rapsodiaonline.it\/index.php?rest_route=%2Fwp%2Fv2%2Fcategories&post=4887"},{"taxonomy":"post_tag","embeddable":true,"href":"http:\/\/www.rapsodiaonline.it\/index.php?rest_route=%2Fwp%2Fv2%2Ftags&post=4887"}],"curies":[{"name":"wp","href":"https:\/\/api.w.org\/{rel}","templated":true}]}}