{"id":4881,"date":"2021-08-09T17:13:00","date_gmt":"2021-08-09T17:13:00","guid":{"rendered":"http:\/\/www.rapsodiaonline.it\/?p=4881"},"modified":"2021-08-10T17:23:57","modified_gmt":"2021-08-10T17:23:57","slug":"una-maglietta-arcobaleno-al-gp-dungheria","status":"publish","type":"post","link":"http:\/\/www.rapsodiaonline.it\/?p=4881","title":{"rendered":"Una maglietta arcobaleno al GP d\u2019Ungheria"},"content":{"rendered":"\n<p>\u201cAllora squalificatemi. Ne sono ben felice, \u00e8 vero. Ho tenuto la maglietta mentre c\u2019era l\u2019inno in sostegno di quelle persone che soffrono in questa nazione.\u201d, ruggisce Sebastian Vettel ai microfoni di Sky Sport. Il perch\u00e9 di questo sfogo? Il pilota tedesco ha appena saputo di essere sotto investigazione dalla FIA (Federazione Internazionale dell\u2019Automobile) per \u201cnon aver rispettato le procedure pre-gara\u201d. La colpa di Vettel? Aver indossato una T-shirt arcobaleno con la scritta \u201cSame Love\u201d durante l\u2019inno ungherese. L\u2019 Ungheria, quella di Orban, che ha da poco approvato una legge che vieta la diffusione di \u201cmateriale che promuove l\u2019omosessualit\u00e0 o il cambio di sesso\u201d agli occhi dei minori di 18 anni.<\/p>\n<figure id=\"attachment_4883\" aria-describedby=\"caption-attachment-4883\" style=\"width: 300px\" class=\"wp-caption alignright\"><img loading=\"lazy\" decoding=\"async\" class=\"wp-image-4883 size-medium\" src=\"http:\/\/www.rapsodiaonline.it\/wp-content\/uploads\/2021\/08\/Safety-Car-300x153.jpg\" alt=\"\" width=\"300\" height=\"153\" srcset=\"http:\/\/www.rapsodiaonline.it\/wp-content\/uploads\/2021\/08\/Safety-Car-300x153.jpg 300w, http:\/\/www.rapsodiaonline.it\/wp-content\/uploads\/2021\/08\/Safety-Car.jpg 752w\" sizes=\"auto, (max-width: 300px) 100vw, 300px\" \/><figcaption id=\"caption-attachment-4883\" class=\"wp-caption-text\">Safety Car con il logo del movimento \u201cWe Race As One\u201d, sullo sfondo la Mercedes di Lewis Hamilton; fonte: Unsplash.com<\/figcaption><\/figure>\n<p>A fine giornata Sebastian Vettel verr\u00e0 comunque squalificato perch\u00e9 nella sua macchina vi era meno di un litro di benzina, quantit\u00e0 non sufficiente per le abituali analisi FIA post-gara. Ma non \u00e8 questo il punto.<\/p>\n<p>\u00a0<\/p>\n<p>Agli uffici FIA i commissari hanno ricordato a Vettel la retorica \u201cNo politica nello sport\u201d; la faccenda dunque si fa ancor pi\u00f9 assurda, considerando il movimento-partner della Formula Uno \u201cWe Race As One\u201d, contro ogni tipo di discriminazione e violenza.<\/p>\n<p>Il caso si \u00e8 \u201crisolto\u201d con una reprimenda, provvedimento disciplinare che, se ripetuto pi\u00f9 volte, pu\u00f2 portare alla retrocessione di dieci posti nella griglia di partenza in uno dei Gran Premi futuri. Incredibile. Per una maglietta.<\/p>\n<p>Caso analogo a quanto avvenuto lo scorso settembre, con protagonista differente, durante il gp del Mugello: Lewis Hamilton indoss\u00f2 nel pre-gara una maglietta con un messaggio riguardante l\u2019omicidio di Breonna Taylor, \u201cArrestate i poliziotti che hanno ucciso Breonna Taylor\u201d. La 26enne afroamericana \u00e8 stata uccisa a marzo 2020 a colpi di pistola da alcuni poliziotti che, senza identificarsi, fecero irruzione in casa sua per eseguire una perquisizione.\u00a0<\/p>\n<p>Anche per Hamilton investigazione dalla FIA, conclusasi per\u00f2 senza alcun provvedimento preso nei confronti del 7 volte campione britannico.\u00a0 Forse, allora, quella non era solo una T-shirt. Non in quella nazione, nell\u2019Ungheria di Orban.<\/p>\n<p>Questa \u00e8 la politica (o meglio, le prese di posizioni) di cui lo sport e il mondo hanno bisogno: azioni che creano un cortocircuito, che provocano e fanno scalpore, ma che specialmente ci ricordano quanto ancora ci sia da lottare per la libert\u00e0 e l\u2019uguaglianza di tutti. Perch\u00e9 in alcune nazioni, quelle in cui l\u2019odio retrogrado e ignorante viene mascherato con la parola \u201cpolitica\u201d, l\u2019amore, un arcobaleno fa ancora paura. Ci sono magliette che si possono mettere e magliette che non si possono mettere. E domenica una \u201cdeterminata\u201d maglietta, indossata da un pilota, ha fatto tremare un governo e una federazione.<\/p>\n<figure id=\"attachment_4884\" aria-describedby=\"caption-attachment-4884\" style=\"width: 150px\" class=\"wp-caption alignleft\"><img loading=\"lazy\" decoding=\"async\" class=\" wp-image-4884\" src=\"http:\/\/www.rapsodiaonline.it\/wp-content\/uploads\/2021\/08\/Casco-Vettel-213x300.jpg\" alt=\"\" width=\"150\" height=\"211\" srcset=\"http:\/\/www.rapsodiaonline.it\/wp-content\/uploads\/2021\/08\/Casco-Vettel-213x300.jpg 213w, http:\/\/www.rapsodiaonline.it\/wp-content\/uploads\/2021\/08\/Casco-Vettel.jpg 509w\" sizes=\"auto, (max-width: 150px) 100vw, 150px\" \/><figcaption id=\"caption-attachment-4884\" class=\"wp-caption-text\">Casco di Sebastian Vettel Anno 2019; fonte: Unsplash.com<\/figcaption><\/figure>\n<p>\u00a0Danke, Seb! Con le tue scarpe, la tua mascherina, il\u00a0 tuo casco e (specialmente) la tua T-shirt arcobaleno domenica hai portato a casa la vittoria pi\u00f9 bella, anche se non sei salito sul gradino pi\u00f9 alto del podio.<\/p>\n<p>\u00a0<\/p>\n<p>\u00a0<\/p>\n<p>\u00a0<\/p>\n<p>\u00a0<\/p>\n<p>Giula De Ieso &#8211; IB Liceo classico<\/p>\n","protected":false},"excerpt":{"rendered":"<p>\u201cAllora squalificatemi. Ne sono ben felice, \u00e8 vero. Ho tenuto la maglietta mentre c\u2019era l\u2019inno in sostegno di quelle persone che soffrono in questa nazione.\u201d, ruggisce Sebastian Vettel ai microfoni di Sky Sport. Il perch\u00e9 di questo sfogo? Il pilota tedesco ha appena saputo di essere sotto investigazione dalla FIA (Federazione Internazionale dell\u2019Automobile) per \u201cnon [&hellip;]<\/p>\n","protected":false},"author":1,"featured_media":4882,"comment_status":"open","ping_status":"open","sticky":false,"template":"","format":"standard","meta":{"_genesis_hide_title":false,"_genesis_hide_breadcrumbs":false,"_genesis_hide_singular_image":false,"_genesis_hide_footer_widgets":false,"_genesis_custom_body_class":"","_genesis_custom_post_class":"","_genesis_layout":"","footnotes":""},"categories":[3,32],"tags":[],"class_list":{"0":"post-4881","1":"post","2":"type-post","3":"status-publish","4":"format-standard","5":"has-post-thumbnail","7":"category-in-primo-piano","8":"category-contemporaneamente","9":"entry"},"_links":{"self":[{"href":"http:\/\/www.rapsodiaonline.it\/index.php?rest_route=\/wp\/v2\/posts\/4881","targetHints":{"allow":["GET"]}}],"collection":[{"href":"http:\/\/www.rapsodiaonline.it\/index.php?rest_route=\/wp\/v2\/posts"}],"about":[{"href":"http:\/\/www.rapsodiaonline.it\/index.php?rest_route=\/wp\/v2\/types\/post"}],"author":[{"embeddable":true,"href":"http:\/\/www.rapsodiaonline.it\/index.php?rest_route=\/wp\/v2\/users\/1"}],"replies":[{"embeddable":true,"href":"http:\/\/www.rapsodiaonline.it\/index.php?rest_route=%2Fwp%2Fv2%2Fcomments&post=4881"}],"version-history":[{"count":1,"href":"http:\/\/www.rapsodiaonline.it\/index.php?rest_route=\/wp\/v2\/posts\/4881\/revisions"}],"predecessor-version":[{"id":4885,"href":"http:\/\/www.rapsodiaonline.it\/index.php?rest_route=\/wp\/v2\/posts\/4881\/revisions\/4885"}],"wp:featuredmedia":[{"embeddable":true,"href":"http:\/\/www.rapsodiaonline.it\/index.php?rest_route=\/wp\/v2\/media\/4882"}],"wp:attachment":[{"href":"http:\/\/www.rapsodiaonline.it\/index.php?rest_route=%2Fwp%2Fv2%2Fmedia&parent=4881"}],"wp:term":[{"taxonomy":"category","embeddable":true,"href":"http:\/\/www.rapsodiaonline.it\/index.php?rest_route=%2Fwp%2Fv2%2Fcategories&post=4881"},{"taxonomy":"post_tag","embeddable":true,"href":"http:\/\/www.rapsodiaonline.it\/index.php?rest_route=%2Fwp%2Fv2%2Ftags&post=4881"}],"curies":[{"name":"wp","href":"https:\/\/api.w.org\/{rel}","templated":true}]}}