{"id":4863,"date":"2021-05-24T17:21:24","date_gmt":"2021-05-24T17:21:24","guid":{"rendered":"http:\/\/www.rapsodiaonline.it\/?p=4863"},"modified":"2022-11-18T18:39:12","modified_gmt":"2022-11-18T18:39:12","slug":"il-confederalismo-democratico","status":"publish","type":"post","link":"http:\/\/www.rapsodiaonline.it\/?p=4863","title":{"rendered":"IL CONFEDERALISMO DEMOCRATICO"},"content":{"rendered":"\n<p>Il Confederalismo democratico \u00e8 un sistema politico-sociale elaborato da Abdullah \u00d6calan, leader del Partito dei Lavoratori del Kurdistan (PKK), sulle basi del municipalismo libertario. \u00d6calan lo descrive come &#8220;una amministrazione politica non statale o una democrazia senza stato&#8221; ed \u00e8 il modello di organizzazione che ha trovato applicazione nel Rojava (Kurdistan siriano), zona nel nord e nord-est della Siria resasi autonoma nel 2012 a seguito della guerra civile.<\/p>\n<p>STORIA<\/p>\n<p>Dopo il suo arresto nel 1999 da parte della Turchia, Abdullah \u00d6calan dal 2002 si trova in regime di ergastolo e unico detenuto nell&#8217;isola-prigione di massima sicurezza di \u0130mral\u0131; qu\u00ec inizi\u00f2 ad appassionarsi a numerosi temi letterari importanti specialmente L&#8217;Ecologia della libert\u00e0 e Urbanizzazione senza citt\u00e0, i suoi scritti successivi ne mostrano l&#8217;influenza del suo studio e che dal marxismo lo port\u00f2 a teorizzare il Confederalismo democratico.<\/p>\n<p>Nel marzo 2005 diffuse una Dichiarazione per il Confederalismo democratico in Kurdistan dove promuoveva una democrazia dal basso basata sulle strutture democratiche comunitarie e che istituisse assemblee nei villaggi, nelle citt\u00e0 e nei paesi.<\/p>\n<p>Nel maggio 2007 il 5\u00ba congresso del Kongra-Gel (Congresso del Popolo del Kurdistan) ha dato vita all&#8217;Unione delle Comunit\u00e0 del Kurdistan (KCK), dando vita a un&#8217;unione di vari gruppi, tra i quali il PKK che in Turchia, Siria, Iran e Iraq hanno per scopo la realizzazione del Confederalismo democratico.<\/p>\n<p>Il 20 gennaio 2014 nella regione autonoma del Rojava, nel nord e nord-est della Siria, viene promulgato il Contratto Sociale del Rojava ispirato al Confederalismo democratico e che \u00a0viene descrito come una repubblica parlamentare fondata sul decentramento del potere e sull\u2019uguaglianza dei propri concittadini di fronte alla legge e nei diritti fondamentali dell\u2019uomo.<\/p>\n<p>L\u2019ESEMPIO DEL ROJAVA<\/p>\n<p>Il Rojava \u00e8 un\u2019area che si estende lungo i 700 Km della frontiera con la Turchia. Questa zona \u00e8 chiamata dai curdi Rojava, ossia Kurdistan Occidentale, mentre la limitrofa zona della Turchia, dov&#8217;\u00e8 concentrata la maggior parte di questo popolo \u00e8 chiamata Kurdistan Settentrionale, infine la zona verso Sud-Est, posta all&#8217;interno dell&#8217;Iraq \u00e8 chiamata Kurdistan Meridionale.<\/p>\n<p>Fin dal luglio del 2011, approfittando dello scoppio della guerra civile in Siria, e del ritiro dell&#8217;esercito nazionale siriano dal Nord, i curdi hanno esteso il loro controllo su gran parte delle tre principali zone del territorio: la zona di Cizre ad Est, ricca di petrolio e di grande importanza strategica in quanto posta all&#8217;incrocio delle frontiere di Turchia, Iraq e Siria; la zona di Koban\u00e8, posta al centro presso il fiume Eufrate, e la zona di Efrin posta ad Ovest.<\/p>\n<p>Vi erano stati in passato alcuni scontri tra autonomisti Kurdi ed esercito siriano gi\u00e0 negli anni precedenti la crisi attuale (nel 2004) e all&#8217;inizio della crisi del 2011, ma poi l&#8217;esercito si \u00e8 ritirato in pratica senza combattere lasciando ai curdi la possibilit\u00e0 di creare l&#8217;autogestione del territorio definita \u201cautonomia democratica\u201d. \u00c8 stata creata una forza di difesa (\u00abUnit\u00e0 di protezione popolare\u00bb detta YPG) e formata un&#8217;Assemblea Nazionale curda per la Siria (ENKS), cui partecipano oltre al PYD altri 15 partiti minori. Sul piano internazionale \u00e8 stato creato un Alto Consiglio curdo cui partecipano anche dalle zone dell&#8217;Iraq e della Turchia.<\/p>\n<p>Nel 2013, YPG entra in conflitto diretto contro le forze ribelli e in particolare contro i jihadisti del Fronte di al-Nusra e dell&#8217;ISIS, dopo che questi ultimi avevano preso in ostaggio 200 civili curdi il 31 luglio 2013.<\/p>\n<p>E&#8217; importante precisare che il Confederalismo democratico \u00e8 un modello di nuova e recente formazione per cui molto fragile e soggetto a cambiamenti significativi. Inoltre potrebbe risultare controproducente, nel ventunesimo secolo, creare uno stato indipendente (Kurdistan) dalla Siria perch\u00e9 si parla di territori non omogenei dal punto di vista culturale e religioso. I curdi vogliono attuare un modello economico che agisce secondo il bene della propria popolazione e non di quello dei gruppi terroristici interni e delle multinazionali estere, tuttavia tale richiesta pu\u00f2 avere come conseguenza la guerra tra le forze siriane e curde portando a infrangere uno dei principi fondamentali del confederalismo (ripudio alla guerra).<\/p>\n<p>Nel febbraio 2014 i curdi siriani hanno firmato la Carta del Contratto Sociale, che propone i principi democratici attraverso i quali guidare la vita sociale e politica della regione.<\/p>\n<p>\u00a0<\/p>\n<p>Tobia Fabeni &#8211; classe 4 B afm<\/p>\n<p>Attivit\u00e0 svolta nell&#8217;ambito del corso di &#8220;Geopolitica e analisi dei conflitti internazionali&#8221; dell&#8217;ite Pacinotti Pisa realizzata a seguito di due incontri effettuati con il rappresentante dell&#8217;Ufficio di informazione\u00a0 del Kurdistan in Italia (Uiki), dr Ylmaz Orkan<\/p>\n<p>Link delle videoregistrazioni dei due incontri sul Kurdistan con intervista degli studenti a dr Ylmaz Orkan e dr Carlo Pellegrino\u00a0 del 29 aprile e\u00a0 del 5 maggio<\/p>\n<p><a href=\"https:\/\/drive.google.com\/file\/d\/1p9iP1Q2538Ihb90cTQ8IAalOOdN8WMAX\/view?usp=sharing\">https:\/\/drive.google.com\/file\/d\/1p9iP1Q2538Ihb90cTQ8IAalOOdN8WMAX\/view?usp=sharing<\/a><\/p>\n<p><a href=\"https:\/\/drive.google.com\/file\/d\/1_hViyr-8p_jyxPfpRBjbXxqI44zD9wQb\/view?usp=sharing\">https:\/\/drive.google.com\/file\/d\/1_hViyr-8p_jyxPfpRBjbXxqI44zD9wQb\/view?usp=sharing<\/a><\/p>\n<p><img loading=\"lazy\" decoding=\"async\" class=\"alignnone  wp-image-4864\" src=\"http:\/\/www.rapsodiaonline.it\/wp-content\/uploads\/2021\/05\/Rojava-300x243.jpg\" alt=\"\" width=\"535\" height=\"433\" srcset=\"http:\/\/www.rapsodiaonline.it\/wp-content\/uploads\/2021\/05\/Rojava-300x243.jpg 300w, http:\/\/www.rapsodiaonline.it\/wp-content\/uploads\/2021\/05\/Rojava.jpg 418w\" sizes=\"auto, (max-width: 535px) 100vw, 535px\" \/><\/p>\n<p>Il Contratto Sociale dei Cantoni della Rojava nel Kurdistan occidentale (Siria).<\/p>\n<p>\u00a0<\/p>\n<p>Tobia Fabeni<\/p>\n","protected":false},"excerpt":{"rendered":"<p>Il Confederalismo democratico \u00e8 un sistema politico-sociale elaborato da Abdullah \u00d6calan, leader del Partito dei Lavoratori del Kurdistan (PKK), sulle basi del municipalismo libertario. \u00d6calan lo descrive come &#8220;una amministrazione politica non statale o una democrazia senza stato&#8221; ed \u00e8 il modello di organizzazione che ha trovato applicazione nel Rojava (Kurdistan siriano), zona nel nord [&hellip;]<\/p>\n","protected":false},"author":1,"featured_media":4864,"comment_status":"open","ping_status":"open","sticky":false,"template":"","format":"standard","meta":{"_genesis_hide_title":false,"_genesis_hide_breadcrumbs":false,"_genesis_hide_singular_image":false,"_genesis_hide_footer_widgets":false,"_genesis_custom_body_class":"","_genesis_custom_post_class":"","_genesis_layout":"","footnotes":""},"categories":[34],"tags":[],"class_list":{"0":"post-4863","1":"post","2":"type-post","3":"status-publish","4":"format-standard","5":"has-post-thumbnail","7":"category-focus_dx","8":"entry"},"_links":{"self":[{"href":"http:\/\/www.rapsodiaonline.it\/index.php?rest_route=\/wp\/v2\/posts\/4863","targetHints":{"allow":["GET"]}}],"collection":[{"href":"http:\/\/www.rapsodiaonline.it\/index.php?rest_route=\/wp\/v2\/posts"}],"about":[{"href":"http:\/\/www.rapsodiaonline.it\/index.php?rest_route=\/wp\/v2\/types\/post"}],"author":[{"embeddable":true,"href":"http:\/\/www.rapsodiaonline.it\/index.php?rest_route=\/wp\/v2\/users\/1"}],"replies":[{"embeddable":true,"href":"http:\/\/www.rapsodiaonline.it\/index.php?rest_route=%2Fwp%2Fv2%2Fcomments&post=4863"}],"version-history":[{"count":3,"href":"http:\/\/www.rapsodiaonline.it\/index.php?rest_route=\/wp\/v2\/posts\/4863\/revisions"}],"predecessor-version":[{"id":4876,"href":"http:\/\/www.rapsodiaonline.it\/index.php?rest_route=\/wp\/v2\/posts\/4863\/revisions\/4876"}],"wp:featuredmedia":[{"embeddable":true,"href":"http:\/\/www.rapsodiaonline.it\/index.php?rest_route=\/wp\/v2\/media\/4864"}],"wp:attachment":[{"href":"http:\/\/www.rapsodiaonline.it\/index.php?rest_route=%2Fwp%2Fv2%2Fmedia&parent=4863"}],"wp:term":[{"taxonomy":"category","embeddable":true,"href":"http:\/\/www.rapsodiaonline.it\/index.php?rest_route=%2Fwp%2Fv2%2Fcategories&post=4863"},{"taxonomy":"post_tag","embeddable":true,"href":"http:\/\/www.rapsodiaonline.it\/index.php?rest_route=%2Fwp%2Fv2%2Ftags&post=4863"}],"curies":[{"name":"wp","href":"https:\/\/api.w.org\/{rel}","templated":true}]}}