{"id":4718,"date":"2020-10-15T16:07:02","date_gmt":"2020-10-15T16:07:02","guid":{"rendered":"http:\/\/www.rapsodiaonline.it\/?p=4718"},"modified":"2020-10-15T16:07:03","modified_gmt":"2020-10-15T16:07:03","slug":"neoliberismo-in-italia-cosa-ha-prodotto","status":"publish","type":"post","link":"http:\/\/www.rapsodiaonline.it\/?p=4718","title":{"rendered":"Neoliberismo in Italia: cosa ha prodotto"},"content":{"rendered":"\n<p>Le politiche neoliberiste, che hanno favorito il processo di globalizzazione, hanno determinato, a livello internazionale, la liberalizzazione dei commerci, tramite l\u2019abbattimento delle barriere doganali, e la deregolamentazione del mercato finanziario.<\/p>\n<p>Tra gli effetti interni invece si annota il fatto che lo Stato non \u00e8 pi\u00f9 l&#8217;unico soggetto erogatore di servizi in quanto ha adottato una politica di Privatizzazione dei servizi pubblici. Si \u00e8 avuta anche una riduzione dell\u2019imposizione fiscale soprattutto sui redditi pi\u00f9 elevati favorendo quindi i soggetti pi\u00f9 ricchi. In Italia sullo scaglione di reddito pi\u00f9 elevato l\u2019aliquota \u00e8 stata ridotta dal 72% degli anni \u201870 al 43% del 2007. Venendo quindi a mancare soldi nelle casse dello Stato si ha come conseguenza una riduzione degli investimenti pubblici produttivi e del Welfare state, ossia di quei servizi fondamentali che lo Stato garantisce a tutti i cittadini.<\/p>\n<p>I maggiori tagli si sono avuti per quanto riguarda scuola e sanit\u00e0.<\/p>\n<p>Soffermandoci sulla sanit\u00e0, con l\u2019arrivo del nuovo Coronavirus l\u2019Italia ha messo al centro del dibattito pubblico e politico la qualit\u00e0 degli Ospedali nel nostro paese. Iniziamo col dire che il nostro sistema sanitario nazionale \u00e8 stato istituito nel 1978 e che alla sua base ci sono tre principi fondamentali: universalit\u00e0, ovvero l\u2019estensione delle prestazioni sanitarie a tutta la popolazione, l\u2019uguaglianza, vale adire l\u2019accesso alle cure mediche da parte di tutti senza discriminazioni e l\u2019equit\u00e0, ossia la parit\u00e0 di accesso in relazione ad uguali bisogni di salute.<\/p>\n<p>In questo momento, considerando che l\u2019Italia dal 2010 al 2019 ha tagliato 37 miliardi nella spesa sanitaria e che il rapporto tra posti letto ospedalieri e la popolazione \u00e8 di 3,2 contro una media europea di 5 ogni 1000 abitanti, gli indicatori di efficacia del nostro sistema sanitario nazionale restano nel complesso piuttosto buoni pur se con qualche piccola difficolt\u00e0. Se consideriamo l\u2019efficacia possiamo dire che il nostro paese registra tra i tassi pi\u00f9 bassi di mortalit\u00e0 mentre se parliamo di accessibilit\u00e0 dobbiamo sottolineare che oltre ai problemi di costi ci sono anche quelli legati ai tempi lunghi di attesa per usufruire dei servizi. Il tasto pi\u00f9 dolente \u00e8 sicuramente il taglio del personale medico e paramedico e la riduzione dei posti letto. L\u2019emergenza Coronavirus negli ospedali italiani comunque \u00e8 stata gestita, a mio avviso, in un modo esemplare, anche rispetto ad altri paesi europei, soprattutto per la preparazione eccellente e la dedizione mostrate dal personale medico e infermieristico, nonostante, come gi\u00e0 detto, qualche carenza strutturale.\u00a0 \u00a0 \u00a0 \u00a0 \u00a0 \u00a0 \u00a0 \u00a0 \u00a0 \u00a0 \u00a0 \u00a0 \u00a0<\/p>\n<p>I servizi pubblici sono un diritto di tutti. Ci sono quelli di tipo universale che costituiscono le fondamenta di societ\u00e0 libere ed eque. I governi dovrebbero garantire a tutti i cittadini i servizi pubblici di importanza vitale e dovrebbero sforzarsi di raccogliere maggior gettito dai ricchi e non abbassare loro le tasse.\u00a0 \u00a0 \u00a0 \u00a0 \u00a0 \u00a0 \u00a0 \u00a0 \u00a0 \u00a0 \u00a0 \u00a0 \u00a0 \u00a0 \u00a0 \u00a0 \u00a0 \u00a0 \u00a0 \u00a0 \u00a0 \u00a0 \u00a0 \u00a0 \u00a0 \u00a0 \u00a0 \u00a0 \u00a0 \u00a0 \u00a0 \u00a0 \u00a0 \u00a0 \u00a0 \u00a0 \u00a0 \u00a0 \u00a0 \u00a0 \u00a0 \u00a0 \u00a0 \u00a0 \u00a0 \u00a0<\/p>\n<p>Per questo occorre ripensare il sistema fiscale reintroducendo maggior gradualit\u00e0 nell&#8217;imposizione. \u00a0\u00a0\u00a0\u00a0\u00a0\u00a0\u00a0\u00a0\u00a0\u00a0\u00a0\u00a0\u00a0\u00a0\u00a0\u00a0\u00a0\u00a0\u00a0\u00a0\u00a0\u00a0\u00a0\u00a0\u00a0\u00a0\u00a0\u00a0\u00a0\u00a0\u00a0\u00a0\u00a0\u00a0\u00a0\u00a0\u00a0\u00a0\u00a0\u00a0\u00a0\u00a0\u00a0\u00a0\u00a0\u00a0\u00a0\u00a0\u00a0\u00a0\u00a0<\/p>\n<p>Un altro effetto delle politiche neoliberiste \u00e8 infatti, sicuramente, l\u2019aumento delle disuguaglianze socio-economiche tra i vari ceti sociali: la distribuzione del reddito e della ricchezza che si ripartiscono in modo diseguale tra le classi sociali a beneficio di una ristretta \u00e9lite che si accaparra tutti i benefici della crescita economica. Nel frattempo, si ampliano pure i divari territoriali: anche in Italia il divario fra nord e sud \u00e8 enormemente aumentato a partire dagli anni &#8217;90 tanto che sono ripresi fuori i flussi migratori da sud in modo massiccio.<\/p>\n<p>A livello politico, uno degli effetti principali che abbiamo gi\u00e0 accennato \u00e8 la riduzione del ruolo degli stati in quanto c&#8217;\u00e8 una cessione di sovranit\u00e0 verso organismi sovranazionali e comunque un aumento di forza e di potere del settore economico che sta schiacciando appunto la politica la quale ha enormi difficolt\u00e0 a rapportarsi da pari a pari.<\/p>\n<p>Concludo affermando che ci\u00f2 che pi\u00f9 mi angoscia, a livello politico, \u00e8 la ripresa di forze politiche che si ispirano al nazionalismo. Questa globalizzazione in qualche modo ha rialimentato movimenti nazionalistici di estrema destra che le si oppongono invocando un ritorno a certi modelli politico-culturali gi\u00e0 sperimentati in passato e che fomentano pericolosamente xenofobia e del razzismo.\u00a0<\/p>\n<p>Emiliano Barsotti &#8211; classe 2 b afm (ITE Pacinotti)<\/p>\n","protected":false},"excerpt":{"rendered":"<p>Le politiche neoliberiste, che hanno favorito il processo di globalizzazione, hanno determinato, a livello internazionale, la liberalizzazione dei commerci, tramite l\u2019abbattimento delle barriere doganali, e la deregolamentazione del mercato finanziario. Tra gli effetti interni invece si annota il fatto che lo Stato non \u00e8 pi\u00f9 l&#8217;unico soggetto erogatore di servizi in quanto ha adottato una [&hellip;]<\/p>\n","protected":false},"author":1,"featured_media":4719,"comment_status":"open","ping_status":"open","sticky":false,"template":"","format":"standard","meta":{"_genesis_hide_title":false,"_genesis_hide_breadcrumbs":false,"_genesis_hide_singular_image":false,"_genesis_hide_footer_widgets":false,"_genesis_custom_body_class":"","_genesis_custom_post_class":"","_genesis_layout":"","footnotes":""},"categories":[35,34],"tags":[],"class_list":{"0":"post-4718","1":"post","2":"type-post","3":"status-publish","4":"format-standard","5":"has-post-thumbnail","7":"category-focus","8":"category-focus_dx","9":"entry"},"_links":{"self":[{"href":"http:\/\/www.rapsodiaonline.it\/index.php?rest_route=\/wp\/v2\/posts\/4718","targetHints":{"allow":["GET"]}}],"collection":[{"href":"http:\/\/www.rapsodiaonline.it\/index.php?rest_route=\/wp\/v2\/posts"}],"about":[{"href":"http:\/\/www.rapsodiaonline.it\/index.php?rest_route=\/wp\/v2\/types\/post"}],"author":[{"embeddable":true,"href":"http:\/\/www.rapsodiaonline.it\/index.php?rest_route=\/wp\/v2\/users\/1"}],"replies":[{"embeddable":true,"href":"http:\/\/www.rapsodiaonline.it\/index.php?rest_route=%2Fwp%2Fv2%2Fcomments&post=4718"}],"version-history":[{"count":1,"href":"http:\/\/www.rapsodiaonline.it\/index.php?rest_route=\/wp\/v2\/posts\/4718\/revisions"}],"predecessor-version":[{"id":4720,"href":"http:\/\/www.rapsodiaonline.it\/index.php?rest_route=\/wp\/v2\/posts\/4718\/revisions\/4720"}],"wp:featuredmedia":[{"embeddable":true,"href":"http:\/\/www.rapsodiaonline.it\/index.php?rest_route=\/wp\/v2\/media\/4719"}],"wp:attachment":[{"href":"http:\/\/www.rapsodiaonline.it\/index.php?rest_route=%2Fwp%2Fv2%2Fmedia&parent=4718"}],"wp:term":[{"taxonomy":"category","embeddable":true,"href":"http:\/\/www.rapsodiaonline.it\/index.php?rest_route=%2Fwp%2Fv2%2Fcategories&post=4718"},{"taxonomy":"post_tag","embeddable":true,"href":"http:\/\/www.rapsodiaonline.it\/index.php?rest_route=%2Fwp%2Fv2%2Ftags&post=4718"}],"curies":[{"name":"wp","href":"https:\/\/api.w.org\/{rel}","templated":true}]}}