{"id":4669,"date":"2020-06-11T13:30:04","date_gmt":"2020-06-11T13:30:04","guid":{"rendered":"http:\/\/www.rapsodiaonline.it\/?p=4669"},"modified":"2020-06-11T13:30:05","modified_gmt":"2020-06-11T13:30:05","slug":"incontro-con-rodrigo-rivas","status":"publish","type":"post","link":"http:\/\/www.rapsodiaonline.it\/?p=4669","title":{"rendered":"Incontro con Rodrigo Rivas"},"content":{"rendered":"\n<p>La classe 2\u00aa afm ha deciso di partecipare a un incontro con Rodrigo Rivas organizzato dal professore Andrea Vento, legato al progetto \u201ccontemporanea\u2026mente\u201d per approfondire i tragici avvenimenti e gli straordinari cambiamenti che avvengono in America Latina e ai quali non viene data sufficiente importanza.<\/p>\n<p><img loading=\"lazy\" decoding=\"async\" class=\"size-full wp-image-4670 alignleft\" src=\"http:\/\/www.rapsodiaonline.it\/wp-content\/uploads\/2020\/06\/Rivas.jpg\" alt=\"\" width=\"225\" height=\"225\" srcset=\"http:\/\/www.rapsodiaonline.it\/wp-content\/uploads\/2020\/06\/Rivas.jpg 225w, http:\/\/www.rapsodiaonline.it\/wp-content\/uploads\/2020\/06\/Rivas-150x150.jpg 150w\" sizes=\"auto, (max-width: 225px) 100vw, 225px\" \/>Rodrigo Rivas \u00e8 un intellettuale cileno fuggito in Italia dopo il golpe di Pinochet, colpo di stato del 1973 con cui avvenne il rovescio del governo democratico, evento fondamentale per il Cile.<\/p>\n<p>Quando l\u2019intera classe ha finito di guardare, leggere e studiare il materiale didattico (presentazioni, articoli e videolezioni) dati dal docente, gli studenti si sono suddivisi in gruppi e hanno iniziato una ricerca su diversi paesi dell\u2019America Latina (Brasile; Argentina; Cuba; Russia; Canada). I singoli paesi sono stati analizzati secondo sei aspetti: geografia fisica; geografia politica; geografia economica; geografia urbana; geografia umana; attualit\u00e0. A conclusione delle ricerche ogni gruppo ha rivisto tutto il lavoro in preparazione all\u2019intervista con Rodrigo Rivas.<\/p>\n<p>\u00a0<\/p>\n<p>All\u2019intervista &#8211; \u00a0effettuata ovviamente in videoconferenza data la situazione &#8211; con Rodrigo Rivas hanno assistito tutti gli studenti della classe 2\u00aa A, 2\u00aa B e 2\u00aa C, con i docenti, i genitori e la preside. L\u2019intervista \u2013 cui si riportano di seguito gli elementi principali &#8211; \u00e8 stata articolata in una serie di domande formulate dagli studenti su dubbi, curiosit\u00e0 e approfondimenti di argomenti gi\u00e0 studiati in precedenza.<\/p>\n<p>Domande dell&#8217;intervista:<\/p>\n<ol start=\"8\">\n<li>Quali sono le riforme ambientate adottate nei paesi dell\u2018America Latina? Secondo lei sono sufficienti?<\/li>\n<li>Come sta affrontando l\u2018America Latina questa crisi economica e sanitaria provocata dal covid?<\/li>\n<li>Il Brasile ne \u00e9 uscito vincitore o perdente dal processo della globalizzazione? E il resto dell\u2018America Latina?<\/li>\n<li>Cosa ne pensa dell\u2018accordo tra Lula e Bush sui biocombustibili? Sono stati fatti passi in avanti riguardo alla salvaguardia dell\u2018ambiente da quel momento?<\/li>\n<li>Le disuguaglianze sono aumentate negli ultimi anni? Secondo lei per quale motivo?<\/li>\n<li>Che cosa ne pensa degli atti di razzismo che stanno avvenendo ora specialmente negli USA ma che da anni stanno affrontando le persone nell\u2019America Latina? A che cosa sono legati? Le rivolte sono la soluzione a questo problema?<\/li>\n<li>Quali sono state le grandi problematiche causate dall\u2019incendio in Amazzonia?<\/li>\n<li>Cosa stanno facendo le comunit\u00e0 indigene cercando di sfuggire al coronavirus? Il presidente del Brasile sta facendo abbastanza per aiutare il popolo o come molti pensano sta di proposito cercando di non aiutare il popolo?<\/li>\n<li>Come \u00e8 cambiata la situazione in Brasile dopo che Bolsonaro \u00e8 diventato presidente?<\/li>\n<\/ol>\n<p>\u00a0<\/p>\n<p>Rodrigo Rivas \u00e8 riuscito a rispondere in modo esaustivo e egregiamente alle nostre domande riuscendo a scegliere un lessico semplice senza rinunciare per\u00f2 il significato profondo del discorso. Gli argomenti affrontati sono stati molteplici, anche se non c\u2019\u00e8 stato il tempo per tutte le nostre curiosit\u00e0.<\/p>\n<p>Sophia Meave Coglianese (2\u00aa afm ITC &#8211; Pacinotti Pisa)<\/p>\n","protected":false},"excerpt":{"rendered":"<p>La classe 2\u00aa afm ha deciso di partecipare a un incontro con Rodrigo Rivas organizzato dal professore Andrea Vento, legato al progetto \u201ccontemporanea\u2026mente\u201d per approfondire i tragici avvenimenti e gli straordinari cambiamenti che avvengono in America Latina e ai quali non viene data sufficiente importanza. Rodrigo Rivas \u00e8 un intellettuale cileno fuggito in Italia dopo [&hellip;]<\/p>\n","protected":false},"author":1,"featured_media":4671,"comment_status":"open","ping_status":"open","sticky":false,"template":"","format":"standard","meta":{"_genesis_hide_title":false,"_genesis_hide_breadcrumbs":false,"_genesis_hide_singular_image":false,"_genesis_hide_footer_widgets":false,"_genesis_custom_body_class":"","_genesis_custom_post_class":"","_genesis_layout":"","footnotes":""},"categories":[31,18],"tags":[],"class_list":{"0":"post-4669","1":"post","2":"type-post","3":"status-publish","4":"format-standard","5":"has-post-thumbnail","7":"category-rubriche","8":"category-visto-letto-sentito","9":"entry"},"_links":{"self":[{"href":"http:\/\/www.rapsodiaonline.it\/index.php?rest_route=\/wp\/v2\/posts\/4669","targetHints":{"allow":["GET"]}}],"collection":[{"href":"http:\/\/www.rapsodiaonline.it\/index.php?rest_route=\/wp\/v2\/posts"}],"about":[{"href":"http:\/\/www.rapsodiaonline.it\/index.php?rest_route=\/wp\/v2\/types\/post"}],"author":[{"embeddable":true,"href":"http:\/\/www.rapsodiaonline.it\/index.php?rest_route=\/wp\/v2\/users\/1"}],"replies":[{"embeddable":true,"href":"http:\/\/www.rapsodiaonline.it\/index.php?rest_route=%2Fwp%2Fv2%2Fcomments&post=4669"}],"version-history":[{"count":1,"href":"http:\/\/www.rapsodiaonline.it\/index.php?rest_route=\/wp\/v2\/posts\/4669\/revisions"}],"predecessor-version":[{"id":4672,"href":"http:\/\/www.rapsodiaonline.it\/index.php?rest_route=\/wp\/v2\/posts\/4669\/revisions\/4672"}],"wp:featuredmedia":[{"embeddable":true,"href":"http:\/\/www.rapsodiaonline.it\/index.php?rest_route=\/wp\/v2\/media\/4671"}],"wp:attachment":[{"href":"http:\/\/www.rapsodiaonline.it\/index.php?rest_route=%2Fwp%2Fv2%2Fmedia&parent=4669"}],"wp:term":[{"taxonomy":"category","embeddable":true,"href":"http:\/\/www.rapsodiaonline.it\/index.php?rest_route=%2Fwp%2Fv2%2Fcategories&post=4669"},{"taxonomy":"post_tag","embeddable":true,"href":"http:\/\/www.rapsodiaonline.it\/index.php?rest_route=%2Fwp%2Fv2%2Ftags&post=4669"}],"curies":[{"name":"wp","href":"https:\/\/api.w.org\/{rel}","templated":true}]}}