{"id":4583,"date":"2020-05-21T16:23:35","date_gmt":"2020-05-21T16:23:35","guid":{"rendered":"http:\/\/www.rapsodiaonline.it\/?p=4583"},"modified":"2020-05-21T16:28:02","modified_gmt":"2020-05-21T16:28:02","slug":"nazzareno-stazi-intervistato-dagli-studenti-della-2-a-afm-del-pacinotti-lautore-della-fiaba-post-apocalittica-il-confine-dei-sogni","status":"publish","type":"post","link":"http:\/\/www.rapsodiaonline.it\/?p=4583","title":{"rendered":"Nazzareno Stazi, autore della fiaba post apocalittica &#8220;Il confine dei sogni&#8221;, intervistato dagli studenti della 2 a afm del Pacinotti."},"content":{"rendered":"\n<p>La classe 2\u00aa A afm si \u00e8 cimentata in un progetto scolastico che si \u00e8 rivelato educativo ed \u00e8 andato ad alimentare ulteriormente la nostra voglia di conoscere il mondo, e di trovare un modo per \u201cguarirlo\u201d.\u00a0 Questo incontro, tenutosi nel pomeriggio venerd\u00ec 16 aprile, rientra nel progetto \u201cContemporanea\u2026mente\u201d promosso dal professore Andrea Vento, ha avuto uno sviluppo graduale attraverso varie fasi, partendo dalla lettura del libro di Nazzareno Stazi, &#8220;Il confine dei sogni&#8221; del quale segue breve recensione al termine.<\/p>\n<p>Nazzareno Stazi \u00e8 un egregio chimico ma anche un ambientalista, autore de\u00a0 \u201cIl confine dei sogni\u201d una favola post apocalittica, che tratta di problematiche ambientali utilizzando lo struttura narrativa della fiaba. Con il suo libro ci ha intrigato e ha fatto crescere la nostra curiosit\u00e0 riguardo a questo argomento, a noi molto vicino dato che riguarda il nostro futuro, gi\u00e0 discusso e ampiamente approfondito in classe con l&#8217;effettuazione del modulo didattico &#8220;La crisi del pianeta&#8221;, nell&#8217;ambito del programma di geografia economica.<\/p>\n<p>Quando l\u2019intera classe \u00e8 arrivata alla fine della lettura del libro, per elaborare meglio i concetti e per essere sicuri di averne capito bene il messaggio, abbiamo effettuato una video lezione con il professore per mettere a punto i nostri pensieri, le nostre riflessioni e con esse anche i dubbi che poi abbiamo elaborato forma di domande.<\/p>\n<p>All\u2019incontro con Nazzareno- ovviamente avvenuto in forma di video conferenza data la situazione &#8211; hanno partecipato tutti gli studenti della classe 2 A afm dell&#8217;Istituto Pacinotti di Pisa, i docenti e anche la preside, prof.ssa Gabriella Giuliani.<\/p>\n<p>La rappresentante di classe degli studenti, Sophia Coglianese, ha svolto funzione di portavoce, ponendo le domande scaturite dalle riflessioni e dalle curiosit\u00e0 degli studenti, le quali non si riferivano solo ai contenuti del libro ma erano anche inerenti l\u2019attualit\u00e0, che sono poi andate a formare oggetto di dialogo tra studenti e professori.<\/p>\n<p>Le domande poste dagli studenti all&#8217;autore sono state:\u00a0<\/p>\n<ul>\n<li>I nomi che ha scelto per i personaggi hanno un significato specifico? Quello che \u00e8 venuto in mente a noi \u00e8 che siano le iniziali di parole che caratterizzano il nostro mondo nella situazione attuale, come per esempio So = soldi. \u00a0\u00a0\u00a0\u00a0\u00a0\u00a0\u00a0\u00a0\u00a0\u00a0\u00a0\u00a0\u00a0\u00a0\u00a0\u00a0\u00a0\u00a0\u00a0\u00a0\u00a0\u00a0\u00a0\u00a0\u00a0\u00a0\u00a0\u00a0\u00a0\u00a0\u00a0\u00a0\u00a0\u00a0\u00a0\u00a0\u00a0\u00a0\u00a0\u00a0\u00a0\u00a0\u00a0\u00a0\u00a0\u00a0\u00a0\u00a0\u00a0\u00a0\u00a0\u00a0\u00a0\u00a0\u00a0\u00a0\u00a0\u00a0\u00a0\u00a0\u00a0\u00a0\u00a0\u00a0\u00a0\u00a0\u00a0<\/li>\n<li>Perch\u00e9 ha deciso di scrivere un libro?\u00a0 Da cosa si \u00e8 ispirato per scrivere questo libro? \u00a0\u00a0\u00a0\u00a0\u00a0\u00a0\u00a0\u00a0\u00a0\u00a0\u00a0\u2022<\/li>\n<li>Lei ha deciso di scrivere questo libro come una storia, idea molto originale, come le \u00e8 venuta in mente? \u00c9 legata ad uno specifico momento della sua vita?\u00a0 \u00a0 \u00a0 \u00a0 \u00a0 \u00a0 \u00a0 \u00a0 \u00a0 \u00a0 \u00a0 \u00a0 \u00a0 \u00a0 \u00a0 \u00a0 \u00a0 \u00a0 \u00a0 \u00a0 \u00a0 \u00a0 \u00a0\u00a0<\/li>\n<li>Molti decidono di affrontare questo argomento con seriet\u00e0 lei invece ha deciso di raccontarla in forma di narrazione fiabesca, questo perch\u00e9 voleva far capire l\u2019argomento anche alle persone pi\u00f9 giovani?\u00a0 \u00a0<\/li>\n<li>Secondo lei cosa accadrebbe se noi continuassimo con questo modello economico che non tiene conto dei limiti del Pianeta e questo stile di vita?\u00a0\u00a0\u00a0\u00a0\u00a0\u00a0\u00a0\u00a0\u00a0\u00a0\u00a0\u00a0\u00a0\u00a0\u00a0\u00a0\u00a0\u00a0\u00a0\u00a0\u00a0\u00a0\u00a0\u00a0\u00a0\u00a0<\/li>\n<li>Cosa ne pensa delle politiche attuali riguardanti l\u2019ambiente?<\/li>\n<li>Secondo lei i cambiamenti causati dal coronavirus porteranno dei miglioramenti al mondo?<\/li>\n<li>Cosa dovrebbero cambiare le politiche attuali per impedire la catastrofe climatico-ambientale?<\/li>\n<li>Gli attuali governi stanno facendo qualcosa per migliorare la situazione? \u00c9 abbastanza per cambiare radicalmente la situazione?\u00a0 \u00a0<\/li>\n<li>Secondo lei cosa potremmo fare noi studenti per non ritrovarci come le persone descritte nel libro?\u00a0 \u00a0 \u00a0 \u00a0 \u00a0 \u00a0 \u00a0 \u00a0 \u00a0 \u00a0 \u00a0 \u00a0 \u00a0 \u00a0 \u00a0 \u00a0 \u00a0 \u00a0 \u00a0 \u00a0 \u00a0 \u00a0 \u00a0 \u00a0 \u00a0 \u00a0 \u00a0 \u00a0 \u00a0 \u00a0 \u00a0 \u00a0 \u00a0 \u00a0 \u00a0 \u00a0 \u00a0 \u00a0<\/li>\n<li>Qual \u00e8 il segnale che vuole lanciare con questo libro? \u00a0\u00a0\u00a0\u00a0\u00a0\u00a0\u00a0\u00a0\u00a0\u00a0\u00a0\u00a0\u00a0\u00a0\u00a0\u00a0\u00a0\u00a0\u00a0<\/li>\n<\/ul>\n<p>Nazzareno \u00e8 riuscito a rispondere interamente alle nostre domande, scegliendo un lessico adeguato, essendo consapevole di interloquire con degli adolescenti, facendoci capire a pieno l\u2019argomento che non \u00e8 solo il punto focale del suo libro ma anche, o almeno lo dovrebbe essere, della societ\u00e0 attuale.<\/p>\n<p>Il campo degli argomenti affrontati nell&#8217;incontro \u00e8 stato vastissimo per tipologia \u00a0e natura e per esaurirli totalmente due ore non sono state sufficienti. Di seguito ne elenco qualcuno, almeno quelli fondamentali:<\/p>\n<ul>\n<li>siamo partiti dalla globalizzazione e abbiamo affrontato tutti i suoi aspetti anche quelli pi\u00f9 complessi tra cui quelli politici, economici e ovviamente ambientali,<\/li>\n<li>la crisi sanitaria che sta vivendo l\u2019Italia e non solo,<\/li>\n<li>il modo in cui il governo sta affrontando la crisi ambientale e i miglioramenti che vi si potrebbero apporre,<\/li>\n<li>fino ad arrivare ai piccoli gesti che tutti noi possiamo fare ogni giorno, come non sprecare l\u2019acqua, non comprare cibo presente in contenitori o imballaggi di plastica,<\/li>\n<\/ul>\n<p>\u2026 questi sono solo alcuni ma nel corso del nostro incontro ne sono scaturiti tantissimi, innumerevoli che noi studenti abbiamo seguito con attenzione e interesse.<\/p>\n<p>Con questo incontro la classe pu\u00f2 considerare conclusa, anche se probabilmente non \u00e8 il termine appropriato dato che \u00e8 un argomento che in realt\u00e0 \u00e8 in continua evoluzione, un&#8217;ampia parte di programma che ci ha insegnato le basi del nostro mondo e che anche se all\u2019inizio ci sembrava quasi impossibile ora sappiamo, grazie alle conoscenze che abbiamo imparato, che possiamo anzi dobbiamo fare anche noi qualcosa per non finire come i personaggi del libro che possono vivere il mondo, quello che noi possiamo ancora salvare, solo attraverso l\u2019immaginazione e i ricordi.\u00a0<\/p>\n<p>\u00a0<\/p>\n<p>Sophia Meave Coglianese (<span style=\"font-size: inherit;\">2\u00aa A afm ITC &#8211; Pacinotti Pisa) &#8211;\u00a0<\/span>16 Aprile 2020<\/p>\n<p>\u00a0<\/p>\n<h4><img loading=\"lazy\" decoding=\"async\" class=\"size-medium wp-image-4585 alignright\" src=\"http:\/\/www.rapsodiaonline.it\/wp-content\/uploads\/2020\/05\/Il-confine-dei-sogni-Stazi-231x300.png\" alt=\"\" width=\"231\" height=\"300\" srcset=\"http:\/\/www.rapsodiaonline.it\/wp-content\/uploads\/2020\/05\/Il-confine-dei-sogni-Stazi-231x300.png 231w, http:\/\/www.rapsodiaonline.it\/wp-content\/uploads\/2020\/05\/Il-confine-dei-sogni-Stazi.png 297w\" sizes=\"auto, (max-width: 231px) 100vw, 231px\" \/><\/h4>\n<h4>Il Confine dei Sogni &#8211; 2018, pp 54<br \/>Nuova edizione in imminente uscita<\/h4>\n<p>\u00a0<\/p>\n<ul>\n<li>Si tratta di un breve romanzo distopico, la storia infatti riguarda una immaginaria societ\u00e0 futura terribile e spaventosa, diventata tale a causa di guerre e scellerate scelte in campo economico e ambientale.<\/li>\n<li>In questo contesto di devastazione e morte, nonno Na si trova a raccontare a suo nipote Ro, ultimo nato del genere umano, la storia incantevole di una terra verde e fruttuosa, colorata da fiori profumati, dove i bambini possono giocare all\u2019aria aperta, respirando aria pulita.<\/li>\n<li>Un romanzo breve, o racconto lungo, che a tratti assomiglia alla fiaba, o alle novelle dei nonni che un tempo venivano narrate la sera attorno al focolare. E il tema della memoria tramandata alle giovani generazioni mediante il racconto dei nonni mitiga, coi toni della dolcezza, una storia altrimenti tragica e funesta.<\/li>\n<li>Nel romanzo, infatti, non vi \u00e8 lieto fine, perch\u00e9 ormai sono sfumate tutte le possibilit\u00e0 di tornare indietro per una umanit\u00e0 che non ha saputo impegnarsi nel momento opportuno.<\/li>\n<li>Quello di nonno Na non \u00e8 quindi un avvertimento che pu\u00f2 passare in secondo piano o essere inascoltato come accadeva alla povera Cassandra, eroina mitologica condannata ad essere inascoltata.<\/li>\n<li>Una storia che pu\u00f2 e deve servire da monito ad una societ\u00e0 sprecona e troppo disinteressata alle tematiche della giustizia sociale e della tutela dell\u2019ambiente.<\/li>\n<\/ul>\n<p>\u00a0<\/p>\n<p>Serena Campani<\/p>\n<p>\u00a0<\/p>\n","protected":false},"excerpt":{"rendered":"<p>La classe 2\u00aa A afm si \u00e8 cimentata in un progetto scolastico che si \u00e8 rivelato educativo ed \u00e8 andato ad alimentare ulteriormente la nostra voglia di conoscere il mondo, e di trovare un modo per \u201cguarirlo\u201d.\u00a0 Questo incontro, tenutosi nel pomeriggio venerd\u00ec 16 aprile, rientra nel progetto \u201cContemporanea\u2026mente\u201d promosso dal professore Andrea Vento, ha [&hellip;]<\/p>\n","protected":false},"author":1,"featured_media":4588,"comment_status":"open","ping_status":"open","sticky":false,"template":"","format":"standard","meta":{"_genesis_hide_title":false,"_genesis_hide_breadcrumbs":false,"_genesis_hide_singular_image":false,"_genesis_hide_footer_widgets":false,"_genesis_custom_body_class":"","_genesis_custom_post_class":"","_genesis_layout":"","footnotes":""},"categories":[3,32],"tags":[],"class_list":{"0":"post-4583","1":"post","2":"type-post","3":"status-publish","4":"format-standard","5":"has-post-thumbnail","7":"category-in-primo-piano","8":"category-contemporaneamente","9":"entry"},"_links":{"self":[{"href":"http:\/\/www.rapsodiaonline.it\/index.php?rest_route=\/wp\/v2\/posts\/4583","targetHints":{"allow":["GET"]}}],"collection":[{"href":"http:\/\/www.rapsodiaonline.it\/index.php?rest_route=\/wp\/v2\/posts"}],"about":[{"href":"http:\/\/www.rapsodiaonline.it\/index.php?rest_route=\/wp\/v2\/types\/post"}],"author":[{"embeddable":true,"href":"http:\/\/www.rapsodiaonline.it\/index.php?rest_route=\/wp\/v2\/users\/1"}],"replies":[{"embeddable":true,"href":"http:\/\/www.rapsodiaonline.it\/index.php?rest_route=%2Fwp%2Fv2%2Fcomments&post=4583"}],"version-history":[{"count":3,"href":"http:\/\/www.rapsodiaonline.it\/index.php?rest_route=\/wp\/v2\/posts\/4583\/revisions"}],"predecessor-version":[{"id":4590,"href":"http:\/\/www.rapsodiaonline.it\/index.php?rest_route=\/wp\/v2\/posts\/4583\/revisions\/4590"}],"wp:featuredmedia":[{"embeddable":true,"href":"http:\/\/www.rapsodiaonline.it\/index.php?rest_route=\/wp\/v2\/media\/4588"}],"wp:attachment":[{"href":"http:\/\/www.rapsodiaonline.it\/index.php?rest_route=%2Fwp%2Fv2%2Fmedia&parent=4583"}],"wp:term":[{"taxonomy":"category","embeddable":true,"href":"http:\/\/www.rapsodiaonline.it\/index.php?rest_route=%2Fwp%2Fv2%2Fcategories&post=4583"},{"taxonomy":"post_tag","embeddable":true,"href":"http:\/\/www.rapsodiaonline.it\/index.php?rest_route=%2Fwp%2Fv2%2Ftags&post=4583"}],"curies":[{"name":"wp","href":"https:\/\/api.w.org\/{rel}","templated":true}]}}