{"id":4558,"date":"2020-04-10T16:51:31","date_gmt":"2020-04-10T16:51:31","guid":{"rendered":"http:\/\/www.rapsodiaonline.it\/?p=4558"},"modified":"2021-01-29T14:18:33","modified_gmt":"2021-01-29T14:18:33","slug":"a-lezione-con-dante","status":"publish","type":"post","link":"http:\/\/www.rapsodiaonline.it\/?p=4558","title":{"rendered":"A lezione con Dante"},"content":{"rendered":"\n<p>In occasione del Danted\u00ec il giorno 25 marzo la nostra classe ha assistito a una videolezione tenuta dalle studentesse di I A del nostro liceo, il liceo G. Galilei di Pisa.<\/p>\n<p>Le studentesse ci hanno presentato il XXVI canto dell\u2019Inferno della Divina Commedia, in cui Dante racconta la vicenda di Ulisse. Poi, citando \u201cSe questo \u00e8 un uomo\u201d di Primo Levi, hanno parlato del capitolo in cui Primo<br \/>Levi legge e spiega proprio il XXVI canto della Divina Commedia a un compagno di origine alsaziana, anche lui ad Auschwitz, che voleva imparare l\u2019italiano. \u00c8 importante capire perch\u00e9 Levi abbia scelto proprio questo canto della Divina Commedia e la risposta \u00e8 nella riflessione con cui le studentesse hanno concluso la presentazione.<\/p>\n<p>Dante e Primo Levi hanno infatti una diversa concezione del celebre personaggio dell\u2019epos greco. Mentre Dante, sebbene lo ammiri e lo consideri quasi un eroe, lo condanna alla morte e al fallimento dell\u2019impresa &#8211; perch\u00e9 ha cercato di superare i limiti che sono stati imposti agli uomini -, Levi \u00e8 quasi ispirato da Ulisse. Nei celebri versi \u201cFatti non foste a viver come bruti\/ ma per seguir virtute e canoscenza\u201d Ulisse spinge i compagni a seguirlo oltre le Colonne d\u2019Ercole perch\u00e9, in quanto uomini, sono chiamati a un compito pi\u00f9 alto degli animali: conoscere ed esplorare il mondo. Nel campo di concentramento in cui Primo Levi si trova, l\u2019obbiettivo principale era togliere l\u2019umanit\u00e0 alle persone prigioniere: gli uomini diventano cos\u00ec animali, senza curiosit\u00e0, senza voglia di conoscere, senza aspirazioni e senza solidariet\u00e0. Questa frase \u00e8 uno spiraglio di luce nel buio che sta vivendo Primo Levi: serve a dargli forza e a ricordargli che lui, come gli<br \/>altri prigionieri ad Auschwitz, \u00e8 prima di tutto un uomo. Questa \u00e8 una delle tante prove che mostrano quanto Dante sia vicino alla nostra epoca: la sua poesia \u00e8 cos\u00ec potente da giungere a noi come un messaggio che sentiamo estremamente vicino, attuale e in grado di parlarci. Un altro aspetto su cui abbiamo avuto modo di riflettere \u00e8 il fatto che in quel capitolo Primo Levi decide di usare la poesia di Dante per insegnare l\u2019italiano: questo dimostra che Dante \u00e8 veramente il padre della lingua e della cultura italiana.<\/p>\n<p>Quest\u2019anno il 25 marzo &#8211; data che gli studiosi hanno individuato come inizio del viaggio ultraterreno di Dante &#8211; si \u00e8 celebrato per la prima volta il Danted\u00ec, la giornata dedicata a Dante, simbolo della cultura e della lingua italiana. In questo momento cos\u00ec difficile che stiamo vivendo, \u00e8 stato per noi studenti italiani un modo per sentirci tutti vicini, uniti dalla cultura del nostro Paese e dall\u2019orgoglio di essere eredi di un patrimonio cos\u00ec<br \/>grande. Ancora una volta Dante, come ha fatto nella sua epoca, ci ha fatto guardare un po\u2019 pi\u00f9 in l\u00e0 del presente: ci ha distratto, anche solo per un giorno, dalle preoccupazioni e angosce di questo momento e ci ha fatto trascorrere qualche ora quasi in un altro mondo, facendoci riflettere sui valori profondi dell\u2019uomo ed emozionandoci ancora.<\/p>\n<p>Annarita Megliola (VA &#8211; Liceo classico)<\/p>\n<p>\u00a0<\/p>\n<p>\u00a0<\/p>\n","protected":false},"excerpt":{"rendered":"<p>In occasione del Danted\u00ec il giorno 25 marzo la nostra classe ha assistito a una videolezione tenuta dalle studentesse di I A del nostro liceo, il liceo G. Galilei di Pisa. Le studentesse ci hanno presentato il XXVI canto dell\u2019Inferno della Divina Commedia, in cui Dante racconta la vicenda di Ulisse. Poi, citando \u201cSe questo [&hellip;]<\/p>\n","protected":false},"author":1,"featured_media":4556,"comment_status":"open","ping_status":"open","sticky":false,"template":"","format":"standard","meta":{"_genesis_hide_title":false,"_genesis_hide_breadcrumbs":false,"_genesis_hide_singular_image":false,"_genesis_hide_footer_widgets":false,"_genesis_custom_body_class":"","_genesis_custom_post_class":"","_genesis_layout":"","footnotes":""},"categories":[35,34],"tags":[],"class_list":{"0":"post-4558","1":"post","2":"type-post","3":"status-publish","4":"format-standard","5":"has-post-thumbnail","7":"category-focus","8":"category-focus_dx","9":"entry"},"_links":{"self":[{"href":"http:\/\/www.rapsodiaonline.it\/index.php?rest_route=\/wp\/v2\/posts\/4558","targetHints":{"allow":["GET"]}}],"collection":[{"href":"http:\/\/www.rapsodiaonline.it\/index.php?rest_route=\/wp\/v2\/posts"}],"about":[{"href":"http:\/\/www.rapsodiaonline.it\/index.php?rest_route=\/wp\/v2\/types\/post"}],"author":[{"embeddable":true,"href":"http:\/\/www.rapsodiaonline.it\/index.php?rest_route=\/wp\/v2\/users\/1"}],"replies":[{"embeddable":true,"href":"http:\/\/www.rapsodiaonline.it\/index.php?rest_route=%2Fwp%2Fv2%2Fcomments&post=4558"}],"version-history":[{"count":2,"href":"http:\/\/www.rapsodiaonline.it\/index.php?rest_route=\/wp\/v2\/posts\/4558\/revisions"}],"predecessor-version":[{"id":4757,"href":"http:\/\/www.rapsodiaonline.it\/index.php?rest_route=\/wp\/v2\/posts\/4558\/revisions\/4757"}],"wp:featuredmedia":[{"embeddable":true,"href":"http:\/\/www.rapsodiaonline.it\/index.php?rest_route=\/wp\/v2\/media\/4556"}],"wp:attachment":[{"href":"http:\/\/www.rapsodiaonline.it\/index.php?rest_route=%2Fwp%2Fv2%2Fmedia&parent=4558"}],"wp:term":[{"taxonomy":"category","embeddable":true,"href":"http:\/\/www.rapsodiaonline.it\/index.php?rest_route=%2Fwp%2Fv2%2Fcategories&post=4558"},{"taxonomy":"post_tag","embeddable":true,"href":"http:\/\/www.rapsodiaonline.it\/index.php?rest_route=%2Fwp%2Fv2%2Ftags&post=4558"}],"curies":[{"name":"wp","href":"https:\/\/api.w.org\/{rel}","templated":true}]}}