{"id":3634,"date":"2019-01-30T09:17:59","date_gmt":"2019-01-30T09:17:59","guid":{"rendered":"http:\/\/www.rapsodiaonline.it\/?p=3634"},"modified":"2019-01-30T09:19:05","modified_gmt":"2019-01-30T09:19:05","slug":"voce-del-verbo-protestare","status":"publish","type":"post","link":"http:\/\/www.rapsodiaonline.it\/?p=3634","title":{"rendered":"Voce del verbo protestare"},"content":{"rendered":"<p><em><strong>protestare : <\/strong><\/em>&lt;pro\u00b7te\u00b7st\u00e0\u00b7re&gt; v.intr. e tr. Manifestare energicamente la propria disapprovazione o la propria opposizione, opporsi.<\/p>\n<p style=\"text-align: justify;\">Scritto in diverse forme, questo \u00e8 il significato della parola<strong> protestare<\/strong> che troviamo sui vocabolari. Quando sentiamo questa parola sorgono in noi delle idee positive o negative? Gli scenari che si aprono sono bui o luminosi?<\/p>\n<p style=\"text-align: justify;\"><img loading=\"lazy\" decoding=\"async\" class=\"irc_mi alignleft\" src=\"https:\/\/www.tpi.it\/app\/uploads\/2018\/12\/gilet-gialli-2.jpg\" alt=\"Immagine correlata\" width=\"300\" height=\"200\" \/>\u00a0Negli ultimi anni le proteste sono state viste, da buona parte parte della popolazione, come eventi negativi perch\u00e9 al loro interno sono spesso presenti persone che commettono atti vandalici, danneggiano e distruggono; come nel caso della protesta dei gilet gialli in Francia che, nata come manifestazione pacifica contro l\u2019aumento dei prezzi del carburante e l&#8217;elevato costo della vita, ha visto arrivare a circa 3000 il numero dei feriti tra poliziotti e cittadini.<\/p>\n<p style=\"text-align: justify;\">Su scala minore nella nostra citt\u00e0, in questi giorni, ci sono stati diversi movimenti studenteschi, alcuni dei quali associati anche a frange violente che hanno causato gravi danneggiamenti. A livello mediatico questi fatti negativi hanno messo in cattiva luce la totalit\u00e0 delle proteste al punto da far quasi dimenticare le valide motivazioni che gli studenti hanno portato avanti. D&#8217;altra parte una decina di facinorosi \u00e8 in grado di creare scompiglio e finire sui giornali molto pi\u00f9 facilmente di quanto riescano ad attirare l&#8217;attenzione migliaia di persone che manifestano pacificamente.<\/p>\n<p style=\"text-align: justify;\">Ma perch\u00e9 nascono le proteste? Le proteste, come si trova scritto sul vocabolario, sono l&#8217;espressione di un&#8217;opposizione a idee, azioni o decisioni prese o fatte da altre persone; in poche parole si hanno proteste quando qualcuno si trova a essere in disaccordo con qualcun altro.<img loading=\"lazy\" decoding=\"async\" class=\"thumbimage alignright\" src=\"https:\/\/upload.wikimedia.org\/wikipedia\/commons\/thumb\/c\/c4\/Rosaparks.jpg\/220px-Rosaparks.jpg\" srcset=\"\/\/upload.wikimedia.org\/wikipedia\/commons\/thumb\/c\/c4\/Rosaparks.jpg\/330px-Rosaparks.jpg 1.5x, \/\/upload.wikimedia.org\/wikipedia\/commons\/thumb\/c\/c4\/Rosaparks.jpg\/440px-Rosaparks.jpg 2x\" alt=\"\" width=\"220\" height=\"266\" data-file-width=\"526\" data-file-height=\"636\" \/><\/p>\n<p style=\"text-align: justify;\">Le proteste si possono classificare in vari modi: violente o non violente, efficaci o non efficaci. Alcuni tra gli organizzatori di quelle non violente ed efficaci sono ricordati come persone tra le pi\u00f9 eccezionali dell&#8217;umanit\u00e0, come ad esempio il Mahatma Gandhi, Martin Luter King (nella foto qui a destra, insieme a Rosa Parks) o Nelson Mandela. Osservando il loro operato percepiamo una forma di giustizia, dato che le proteste riguardavano l&#8217;uguaglianza tra gli uomini e i diritti dei pi\u00f9 deboli. All&#8217;estremo opposto troviamo le proteste violente come ad esempio la rivolta siriana, nata sull&#8217;onda delle primavere arabe allo scopo di ottenere maggiori libert\u00e0 per le popolazioni ma poi sfociata in una sanguinosissima guerra civile non ancora conclusa a distanza di diversi anni.<\/p>\n<p style=\"text-align: justify;\">E&#8217; sempre difficile prevedere gli esiti di una protesta ma protestare \u00e8, in molti casi, fondamentale per vedere riconosciuti o difendere diritti fondamentali; ci\u00f2 che conta \u00e8 avere ben chiaro quale obiettivo si vuole raggiungere e isolare le frange pi\u00f9 violente.<\/p>\n<p style=\"text-align: justify;\">A cavallo degli anni &#8217;30 e &#8217;40 in Europa non ci fu una protesta organizzata contro i governi nazisti e fascisti dell&#8217;epoca; e oggigiorno, celebrando il Giorno della Memoria, vengono ricordate le conseguenze di tale mancata protesta che avrebbe dovuto essere generalizzata, organizzata e duratura.<\/p>\n<p><span style=\"color: #ff0000;\">\u00a0<\/span><\/p>\n","protected":false},"excerpt":{"rendered":"<p>protestare : &lt;pro\u00b7te\u00b7st\u00e0\u00b7re&gt; v.intr. e tr. Manifestare energicamente la propria disapprovazione o la propria opposizione, opporsi. Scritto in diverse forme, questo \u00e8 il significato della parola protestare che troviamo sui vocabolari. Quando sentiamo questa parola sorgono in noi delle idee positive o negative? Gli scenari che si aprono sono bui o luminosi? \u00a0Negli ultimi anni [&hellip;]<\/p>\n","protected":false},"author":1,"featured_media":3680,"comment_status":"open","ping_status":"open","sticky":false,"template":"","format":"standard","meta":{"_genesis_hide_title":false,"_genesis_hide_breadcrumbs":false,"_genesis_hide_singular_image":false,"_genesis_hide_footer_widgets":false,"_genesis_custom_body_class":"","_genesis_custom_post_class":"","_genesis_layout":"","footnotes":""},"categories":[35,34],"tags":[],"class_list":{"0":"post-3634","1":"post","2":"type-post","3":"status-publish","4":"format-standard","5":"has-post-thumbnail","7":"category-focus","8":"category-focus_dx","9":"entry"},"_links":{"self":[{"href":"http:\/\/www.rapsodiaonline.it\/index.php?rest_route=\/wp\/v2\/posts\/3634","targetHints":{"allow":["GET"]}}],"collection":[{"href":"http:\/\/www.rapsodiaonline.it\/index.php?rest_route=\/wp\/v2\/posts"}],"about":[{"href":"http:\/\/www.rapsodiaonline.it\/index.php?rest_route=\/wp\/v2\/types\/post"}],"author":[{"embeddable":true,"href":"http:\/\/www.rapsodiaonline.it\/index.php?rest_route=\/wp\/v2\/users\/1"}],"replies":[{"embeddable":true,"href":"http:\/\/www.rapsodiaonline.it\/index.php?rest_route=%2Fwp%2Fv2%2Fcomments&post=3634"}],"version-history":[{"count":11,"href":"http:\/\/www.rapsodiaonline.it\/index.php?rest_route=\/wp\/v2\/posts\/3634\/revisions"}],"predecessor-version":[{"id":3681,"href":"http:\/\/www.rapsodiaonline.it\/index.php?rest_route=\/wp\/v2\/posts\/3634\/revisions\/3681"}],"wp:featuredmedia":[{"embeddable":true,"href":"http:\/\/www.rapsodiaonline.it\/index.php?rest_route=\/wp\/v2\/media\/3680"}],"wp:attachment":[{"href":"http:\/\/www.rapsodiaonline.it\/index.php?rest_route=%2Fwp%2Fv2%2Fmedia&parent=3634"}],"wp:term":[{"taxonomy":"category","embeddable":true,"href":"http:\/\/www.rapsodiaonline.it\/index.php?rest_route=%2Fwp%2Fv2%2Fcategories&post=3634"},{"taxonomy":"post_tag","embeddable":true,"href":"http:\/\/www.rapsodiaonline.it\/index.php?rest_route=%2Fwp%2Fv2%2Ftags&post=3634"}],"curies":[{"name":"wp","href":"https:\/\/api.w.org\/{rel}","templated":true}]}}