{"id":1769,"date":"2017-12-02T17:00:10","date_gmt":"2017-12-02T17:00:10","guid":{"rendered":"http:\/\/www.rapsodiaonline.it\/?p=1769"},"modified":"2017-12-13T19:18:07","modified_gmt":"2017-12-13T19:18:07","slug":"cascasse-il-mondo-su-un-fico","status":"publish","type":"post","link":"http:\/\/www.rapsodiaonline.it\/?p=1769","title":{"rendered":"&#8220;Cascasse il mondo su un fico&#8221;"},"content":{"rendered":"<p><img loading=\"lazy\" decoding=\"async\" class=\"size-large wp-image-1797 aligncenter\" src=\"http:\/\/www.rapsodiaonline.it\/wp-content\/uploads\/2017\/11\/CORTEO-2-1024x684-1024x684.jpg\" alt=\"\" width=\"1024\" height=\"684\" srcset=\"http:\/\/www.rapsodiaonline.it\/wp-content\/uploads\/2017\/11\/CORTEO-2-1024x684.jpg 1024w, http:\/\/www.rapsodiaonline.it\/wp-content\/uploads\/2017\/11\/CORTEO-2-1024x684-300x200.jpg 300w, http:\/\/www.rapsodiaonline.it\/wp-content\/uploads\/2017\/11\/CORTEO-2-1024x684-768x513.jpg 768w\" sizes=\"auto, (max-width: 1024px) 100vw, 1024px\" \/><\/p>\n<p>Capii cosa fosse il fascismo solo due anni fa. Fino ad allora non avevo compreso il pericolo di questo brusco risorgere di questa ideologia; dopotutto, se un partito tacciato di neofascismo come Alleanza Nazionale era stato tra le forze di un governo di un centrodestra liberale, perch\u00e9 vedere come un problema il riacquistare voti di questa destra militante? Capii cosa fosse il fascismo e ho deciso di combatterlo.<\/p>\n<p>Per capire tutto ci\u00f2 basta guardare ai fatti degli ultimi giorni nelle elezioni ad Ostia. Senza entrare nel merito della vittoria del Movimento 5 Stelle in questa cittadina, abbiamo visto come Casapound, partito dichiaratamente neofascista e velatamente neonazista (cosa che si pu\u00f2 notare gi\u00e0 guardando la <a href=\"http:\/\/1.bp.blogspot.com\/-YurhgQAtkqc\/TXaMWlNW4nI\/AAAAAAAAAS0\/pqDJD6jIDAg\/s1600\/IMG_0695.JPG\">bandiera<\/a> chiaramente ispirata a <a href=\"https:\/\/upload.wikimedia.org\/wikipedia\/commons\/thumb\/7\/7c\/Flag_of_the_German_Reich_%281935%E2%80%931945%29.svg\/2000px-Flag_of_the_German_Reich_%281935%E2%80%931945%29.svg.png\">quella della Germania Nazista<\/a> descritta da Hitler nel &#8220;Mein Kampf&#8221;) si sia presentato come forza politica forte e competitiva. E a Ostia\u00a0questo movimento si \u00e8 affiancato a un clan mafioso e cos\u00ec il fascismo si \u00e8 affiancato alla mafia. Sembrerebbe una contraddizione in termini: il fascismo, che negli anni del suo governo aveva fatto una campagna molto dura contro la mafia tramite i prefetti, si allea ora con un clan mafioso; se un partito del tipo &#8220;come Mussolini nessuno&#8221; si allea con la criminalit\u00e0 organizzata vuol dire che chi ne fa parte non solo non ha capito il <strong>crimine<\/strong> che \u00e8 il fascismo, ma non ha capito nemmeno quelle che vengono da loro chiamate &#8220;le cose buone fatte da idduce&#8221;.<\/p>\n<p>E a Ostia si \u00e8 rivelata la vera faccia del fascismo, quella violenta, la stessa che in pi\u00f9 di vent&#8217;anni di governo aveva portato all&#8217;eliminazione di figure come Matteotti e Gramsci subordinando ancora il libro al moschetto, tanto per riprendere un famoso detto mussoliniano. Questa volta la vittima della violenza squadrista non \u00e8 stato un rivale politico o un immigrato o un ebreo o un omosessuale o una donna (che sono i primi &#8220;nemici&#8221; dell&#8217;estrema destra), ma <strong>un giornalista\u00a0<\/strong>al quale un componente del clan Spada ha spaccato il naso con &#8220;la capocciata&#8221;. La mafia ha in sostanza collaborato con il fascismo per attaccare i propri nemici. Ma questo non \u00e8\u00a0naturalmente un<span style=\"color: #ff0000;\">\u00a0<\/span>episodio isolato: fatti cos\u00ec gravi non possono nascere dal niente; la fiamma della violenza fascista ha molte lingue e, in passato, membri di Casapound e Forza Nuova si erano gi\u00e0 macchiati di varie azioni terroristiche ai danni di centri di accoglienza, centri sociali, manifestazioni, etc&#8230;<\/p>\n<p>Va quindi compreso come il fascismo non sia solo sui libri di storia o come viene descritto da\u00a0<a href=\"https:\/\/www.youtube.com\/watch?v=5lAsb-YunQ4\">270bis<\/a>, da\u00a0<a href=\"https:\/\/www.youtube.com\/watch?v=DXZ_dutiCXk\">La Compagnia dell&#8217;Anello<\/a> o dagli <a href=\"https:\/\/www.youtube.com\/watch?v=7TJvUCypAYQ\">Amici del Vento\u00a0<\/a>quasi come un quadretto idilliaco. Il fascismo \u00e8 una realt\u00e0 oggi pi\u00f9 che mai presente, un tarlo che si insinua in una societ\u00e0 in crisi, un batterio che diventa pi\u00f9 forte e difficile da eliminare nei momenti di instabilit\u00e0 dello Stato. Il fascismo, crescendo, mostra la sua faccia pi\u00f9 &#8220;da stadio&#8221;, facendo retrocedere un <a href=\"https:\/\/it.wikipedia.org\/wiki\/Giorgio_Almirante\">Almirante<\/a> o un <a href=\"https:\/\/it.wikipedia.org\/wiki\/Ezra_Pound\">Ezra Pound <\/a>per mandare avanti un <a href=\"https:\/\/it.wikipedia.org\/wiki\/Heinrich_Himmler\">Himmler<\/a> e un <a href=\"https:\/\/it.wikipedia.org\/wiki\/Luigi_Ciavardini\">Ciavardini<\/a>.\u00a0\u00c8 in questi momenti che lo Stato deve essere pi\u00f9 presente e non deve permettere che il tarlo lo consumi ancora. Come pu\u00f2 quindi lo Stato estirpare\u00a0il tarlo senza ricorrere agli stessi metodi del fascismo? Celebrando il valore della memoria. Quel valore della memoria che si perde ogni volta che dei fascisti si radunano a Predappio per prostrarsi sulla tomba di Mussolini, quel valore che si perde ogni volta che qualcuno dice che le camere a gas sono un&#8217;invenzione degli americani. Lo Stato deve quindi ricordare, ricordare il <strong>27 Gennaio<\/strong> il <a href=\"https:\/\/it.wikipedia.org\/wiki\/Giorno_della_Memoria\">Giorno della Memoria<\/a>, il <strong>10 Febbraio<\/strong> il <a href=\"https:\/\/it.wikipedia.org\/wiki\/Giorno_del_ricordo\">Giorno del ricordo<\/a>, il <strong>24 Marzo<\/strong> l&#8217;<a href=\"https:\/\/it.wikipedia.org\/wiki\/Eccidio_delle_Fosse_Ardeatine\">eccidio delle Fosse Ardeatine<\/a>, il <strong>2 Agosto<\/strong> la <a href=\"https:\/\/it.wikipedia.org\/wiki\/Strage_di_Bologna\">Strage di Bologna<\/a>, ricordare anche ogni attivista politico, di tutte le parti politiche, morto mentre esercitava la sua libert\u00e0 di pensiero. Perch\u00e9 s\u00ec, il fascismo \u00e8 un crimine ma nessuno si pu\u00f2 permettere di togliere la vita a qualcun altro per alcun crimine. Non possiamo, non dobbiamo, non vogliamo.<\/p>\n<p>Voglio che il mio articolo si chiuda con il &#8220;valore della memoria&#8221; e con l&#8217;intervento di Vauro nel programma Rai &#8220;Nemo&#8221;. Niente altro da aggiungere, soltanto ribadire &#8220;Ora e sempre <strong>resistenza<\/strong>!&#8221;<\/p>\n<p><iframe loading=\"lazy\" style=\"border: none; overflow: hidden;\" src=\"https:\/\/www.facebook.com\/plugins\/post.php?href=https%3A%2F%2Fwww.facebook.com%2FRapsodiaOnline.it%2Fposts%2F868462376647233&amp;width=500\" width=\"500\" height=\"453\" frameborder=\"0\" scrolling=\"no\"><\/iframe><\/p>\n","protected":false},"excerpt":{"rendered":"<p>Capii cosa fosse il fascismo solo due anni fa. Fino ad allora non avevo compreso il pericolo di questo brusco risorgere di questa ideologia; dopotutto, se un partito tacciato di neofascismo come Alleanza Nazionale era stato tra le forze di un governo di un centrodestra liberale, perch\u00e9 vedere come un problema il riacquistare voti di [&hellip;]<\/p>\n","protected":false},"author":1,"featured_media":1797,"comment_status":"open","ping_status":"open","sticky":false,"template":"","format":"standard","meta":{"_genesis_hide_title":false,"_genesis_hide_breadcrumbs":false,"_genesis_hide_singular_image":false,"_genesis_hide_footer_widgets":false,"_genesis_custom_body_class":"","_genesis_custom_post_class":"","_genesis_layout":"","footnotes":""},"categories":[33,32],"tags":[],"class_list":{"0":"post-1769","1":"post","2":"type-post","3":"status-publish","4":"format-standard","5":"has-post-thumbnail","7":"category-archivio-primo-piano","8":"category-contemporaneamente","9":"entry"},"_links":{"self":[{"href":"http:\/\/www.rapsodiaonline.it\/index.php?rest_route=\/wp\/v2\/posts\/1769","targetHints":{"allow":["GET"]}}],"collection":[{"href":"http:\/\/www.rapsodiaonline.it\/index.php?rest_route=\/wp\/v2\/posts"}],"about":[{"href":"http:\/\/www.rapsodiaonline.it\/index.php?rest_route=\/wp\/v2\/types\/post"}],"author":[{"embeddable":true,"href":"http:\/\/www.rapsodiaonline.it\/index.php?rest_route=\/wp\/v2\/users\/1"}],"replies":[{"embeddable":true,"href":"http:\/\/www.rapsodiaonline.it\/index.php?rest_route=%2Fwp%2Fv2%2Fcomments&post=1769"}],"version-history":[{"count":20,"href":"http:\/\/www.rapsodiaonline.it\/index.php?rest_route=\/wp\/v2\/posts\/1769\/revisions"}],"predecessor-version":[{"id":1817,"href":"http:\/\/www.rapsodiaonline.it\/index.php?rest_route=\/wp\/v2\/posts\/1769\/revisions\/1817"}],"wp:featuredmedia":[{"embeddable":true,"href":"http:\/\/www.rapsodiaonline.it\/index.php?rest_route=\/wp\/v2\/media\/1797"}],"wp:attachment":[{"href":"http:\/\/www.rapsodiaonline.it\/index.php?rest_route=%2Fwp%2Fv2%2Fmedia&parent=1769"}],"wp:term":[{"taxonomy":"category","embeddable":true,"href":"http:\/\/www.rapsodiaonline.it\/index.php?rest_route=%2Fwp%2Fv2%2Fcategories&post=1769"},{"taxonomy":"post_tag","embeddable":true,"href":"http:\/\/www.rapsodiaonline.it\/index.php?rest_route=%2Fwp%2Fv2%2Ftags&post=1769"}],"curies":[{"name":"wp","href":"https:\/\/api.w.org\/{rel}","templated":true}]}}